{"id":34,"date":"2011-09-11T17:02:49","date_gmt":"2011-09-11T15:02:49","guid":{"rendered":"http:\/\/fundacja.radiopodlasie.pl\/?p=34"},"modified":"2013-03-21T14:30:08","modified_gmt":"2013-03-21T13:30:08","slug":"xviii-miedzynarodowe-dni-z-doradztwem-rolniczym-w-siedlcach-kampania-medialna","status":"publish","type":"post","link":"https:\/\/fundacja.radiopodlasie.pl\/?p=34","title":{"rendered":"XVIII Mi\u0119dzynarodowe Dni z Doradztwem Rolniczym w Siedlcach &#8211; kampania medialna"},"content":{"rendered":"<p><b>10 i 11 wrze\u015bnia 2011 roku<\/b> &#8211; Kampania medialna zwi\u0105zana z XVIII Mi\u0119dzynarodowymi Dniami z Doradztwem Rolniczym w Siedlcach. W ramach kampanii przygotowano audycje i publikacje zapowiadaj\u0105ce to wydarzenie oraz relacje. Kampania zrealizowana zosta\u0142a przez Katolickie Radio Podlasie i Regionalny Portal Informacyjny podlasie24.pl.<\/p>\n<hr \/>\n<p><strong>ZOBACZ:<\/strong><br \/>\n<a href=\"http:\/\/podlasie24.pl\/wiadomosci\/siedlce-miedzynarodowe-dni-z-doradztwem-rolniczym-7798.html\">Siedlce: Mi\u0119dzynarodowe Dni z Doradztwem Rolniczym<\/a><br \/>\n<a href=\"http:\/\/podlasie24.pl\/wiadomosci\/siedlce\/xviii-miedzynarodowe-dni-z-doradztwem-rolniczym---podsumowanie-7b29.html\">XVIII Mi\u0119dzynarodowe Dni z Doradztwem Rolniczym &#8211; Podsumowanie<\/a><\/p>\n","protected":false},"excerpt":{"rendered":"<p>10 i 11 wrze\u015bnia 2011 roku &#8211; Kampania medialna zwi\u0105zana z XVIII Mi\u0119dzynarodowymi Dniami z Doradztwem Rolniczym w Siedlcach. W ramach kampanii przygotowano audycje i publikacje zapowiadaj\u0105ce to wydarzenie oraz relacje. Kampania zrealizowana zosta\u0142a przez Katolickie Radio Podlasie i Regionalny Portal Informacyjny podlasie24.pl. ZOBACZ: Siedlce: Mi\u0119dzynarodowe Dni z Doradztwem Rolniczym XVIII Mi\u0119dzynarodowe Dni z Doradztwem [&hellip;]<\/p>\n","protected":false},"author":1,"featured_media":58,"comment_status":"open","ping_status":"open","sticky":false,"template":"","format":"standard","meta":{"ngg_post_thumbnail":0},"categories":[1],"tags":[],"_links":{"self":[{"href":"https:\/\/fundacja.radiopodlasie.pl\/index.php?rest_route=\/wp\/v2\/posts\/34"}],"collection":[{"href":"https:\/\/fundacja.radiopodlasie.pl\/index.php?rest_route=\/wp\/v2\/posts"}],"about":[{"href":"https:\/\/fundacja.radiopodlasie.pl\/index.php?rest_route=\/wp\/v2\/types\/post"}],"author":[{"embeddable":true,"href":"https:\/\/fundacja.radiopodlasie.pl\/index.php?rest_route=\/wp\/v2\/users\/1"}],"replies":[{"embeddable":true,"href":"https:\/\/fundacja.radiopodlasie.pl\/index.php?rest_route=%2Fwp%2Fv2%2Fcomments&post=34"}],"version-history":[{"count":4,"href":"https:\/\/fundacja.radiopodlasie.pl\/index.php?rest_route=\/wp\/v2\/posts\/34\/revisions"}],"predecessor-version":[{"id":92,"href":"https:\/\/fundacja.radiopodlasie.pl\/index.php?rest_route=\/wp\/v2\/posts\/34\/revisions\/92"}],"wp:featuredmedia":[{"embeddable":true,"href":"https:\/\/fundacja.radiopodlasie.pl\/index.php?rest_route=\/wp\/v2\/media\/58"}],"wp:attachment":[{"href":"https:\/\/fundacja.radiopodlasie.pl\/index.php?rest_route=%2Fwp%2Fv2%2Fmedia&parent=34"}],"wp:term":[{"taxonomy":"category","embeddable":true,"href":"https:\/\/fundacja.radiopodlasie.pl\/index.php?rest_route=%2Fwp%2Fv2%2Fcategories&post=34"},{"taxonomy":"post_tag","embeddable":true,"href":"https:\/\/fundacja.radiopodlasie.pl\/index.php?rest_route=%2Fwp%2Fv2%2Ftags&post=34"}],"curies":[{"name":"wp","href":"https:\/\/api.w.org\/{rel}","templated":true}]}}