{"id":341,"date":"2014-06-23T14:41:13","date_gmt":"2014-06-23T12:41:13","guid":{"rendered":"http:\/\/fundacja.radiopodlasie.pl\/?p=341"},"modified":"2015-07-13T14:53:10","modified_gmt":"2015-07-13T12:53:10","slug":"vii-edycji-konkursu-wielka-czcionka","status":"publish","type":"post","link":"https:\/\/fundacja.radiopodlasie.pl\/?p=341","title":{"rendered":"Wsparcie VII edycji konkursu \u201eWielka Czcionka\u201d"},"content":{"rendered":"<p><a href=\"http:\/\/fundacja.radiopodlasie.pl\/wp-content\/uploads\/2015\/07\/08dbafa9a8603f22c93ea48f3898cbfe.jpg\"><img decoding=\"async\" loading=\"lazy\" class=\"alignleft size-medium wp-image-342\" src=\"http:\/\/fundacja.radiopodlasie.pl\/wp-content\/uploads\/2015\/07\/08dbafa9a8603f22c93ea48f3898cbfe-300x170.jpg\" alt=\"08dbafa9a8603f22c93ea48f3898cbfe\" width=\"300\" height=\"170\" srcset=\"https:\/\/fundacja.radiopodlasie.pl\/wp-content\/uploads\/2015\/07\/08dbafa9a8603f22c93ea48f3898cbfe-300x170.jpg 300w, https:\/\/fundacja.radiopodlasie.pl\/wp-content\/uploads\/2015\/07\/08dbafa9a8603f22c93ea48f3898cbfe.jpg 591w\" sizes=\"(max-width: 300px) 100vw, 300px\" \/><\/a> Gazetka \u201eKoperEk\u201d wydawana w Zespole Szk\u00f3\u0142 Ponadgimnazjalnych nr 2 w Siedlcach oraz strony internetowe z Garwolina i \u0141ukowa zwyci\u0119\u017cy\u0142y w VII edycji Konkursu Wielka Czcionka. Rozstrzygni\u0119cie odby\u0142o si\u0119 23 czerwca 2014 roku w redakcji Katolickiego Radia Podlasie. Nagrody &#8211; laptopy &#8211; wr\u0119czali Grzegorz Skwarek \u2013 dyrektor strategiczny Radia Podlasie oraz Tadeusz S\u0142awecki \u2013 wiceminister edukacji.<\/p>\n<p><a href=\"http:\/\/www.podlasie24.pl\/miasto-siedlce\/region\/vii-edycja-konkursu-wielka-czcionka-rozstrzygnieta-131cc.html\" target=\"_blank\">Zobacz wi\u0119cej&#8230;<\/a><\/p>\n","protected":false},"excerpt":{"rendered":"<p>Gazetka \u201eKoperEk\u201d wydawana w Zespole Szk\u00f3\u0142 Ponadgimnazjalnych nr 2 w Siedlcach oraz strony internetowe z Garwolina i \u0141ukowa zwyci\u0119\u017cy\u0142y w VII edycji Konkursu Wielka Czcionka. Rozstrzygni\u0119cie odby\u0142o si\u0119 23 czerwca 2014 roku w redakcji Katolickiego Radia Podlasie. Nagrody &#8211; laptopy &#8211; wr\u0119czali Grzegorz Skwarek \u2013 dyrektor strategiczny Radia Podlasie oraz Tadeusz S\u0142awecki \u2013 wiceminister edukacji. [&hellip;]<\/p>\n","protected":false},"author":1,"featured_media":342,"comment_status":"closed","ping_status":"closed","sticky":false,"template":"","format":"standard","meta":{"ngg_post_thumbnail":0},"categories":[1],"tags":[],"_links":{"self":[{"href":"https:\/\/fundacja.radiopodlasie.pl\/index.php?rest_route=\/wp\/v2\/posts\/341"}],"collection":[{"href":"https:\/\/fundacja.radiopodlasie.pl\/index.php?rest_route=\/wp\/v2\/posts"}],"about":[{"href":"https:\/\/fundacja.radiopodlasie.pl\/index.php?rest_route=\/wp\/v2\/types\/post"}],"author":[{"embeddable":true,"href":"https:\/\/fundacja.radiopodlasie.pl\/index.php?rest_route=\/wp\/v2\/users\/1"}],"replies":[{"embeddable":true,"href":"https:\/\/fundacja.radiopodlasie.pl\/index.php?rest_route=%2Fwp%2Fv2%2Fcomments&post=341"}],"version-history":[{"count":3,"href":"https:\/\/fundacja.radiopodlasie.pl\/index.php?rest_route=\/wp\/v2\/posts\/341\/revisions"}],"predecessor-version":[{"id":361,"href":"https:\/\/fundacja.radiopodlasie.pl\/index.php?rest_route=\/wp\/v2\/posts\/341\/revisions\/361"}],"wp:featuredmedia":[{"embeddable":true,"href":"https:\/\/fundacja.radiopodlasie.pl\/index.php?rest_route=\/wp\/v2\/media\/342"}],"wp:attachment":[{"href":"https:\/\/fundacja.radiopodlasie.pl\/index.php?rest_route=%2Fwp%2Fv2%2Fmedia&parent=341"}],"wp:term":[{"taxonomy":"category","embeddable":true,"href":"https:\/\/fundacja.radiopodlasie.pl\/index.php?rest_route=%2Fwp%2Fv2%2Fcategories&post=341"},{"taxonomy":"post_tag","embeddable":true,"href":"https:\/\/fundacja.radiopodlasie.pl\/index.php?rest_route=%2Fwp%2Fv2%2Ftags&post=341"}],"curies":[{"name":"wp","href":"https:\/\/api.w.org\/{rel}","templated":true}]}}