{"id":344,"date":"2014-06-24T14:43:03","date_gmt":"2014-06-24T12:43:03","guid":{"rendered":"http:\/\/fundacja.radiopodlasie.pl\/?p=344"},"modified":"2015-07-13T14:51:40","modified_gmt":"2015-07-13T12:51:40","slug":"dzien-otwarty-w-radiu-podlasie-sluchacze-spotkali-sie-z-radiowcami","status":"publish","type":"post","link":"https:\/\/fundacja.radiopodlasie.pl\/?p=344","title":{"rendered":"Wsparcie wydarzenia pod nazw\u0105 \u201eDzie\u0144 Otwartych Drzwi w Katolickim Radiu Podlasie\u201d"},"content":{"rendered":"<p><a href=\"http:\/\/fundacja.radiopodlasie.pl\/wp-content\/uploads\/2015\/07\/fe5a4ebe68a6fd03cc2745718ab953f9.jpg\"><img decoding=\"async\" loading=\"lazy\" class=\"alignleft size-medium wp-image-345\" src=\"http:\/\/fundacja.radiopodlasie.pl\/wp-content\/uploads\/2015\/07\/fe5a4ebe68a6fd03cc2745718ab953f9-300x141.jpg\" alt=\"fe5a4ebe68a6fd03cc2745718ab953f9\" width=\"300\" height=\"141\" srcset=\"https:\/\/fundacja.radiopodlasie.pl\/wp-content\/uploads\/2015\/07\/fe5a4ebe68a6fd03cc2745718ab953f9-300x141.jpg 300w, https:\/\/fundacja.radiopodlasie.pl\/wp-content\/uploads\/2015\/07\/fe5a4ebe68a6fd03cc2745718ab953f9.jpg 591w\" sizes=\"(max-width: 300px) 100vw, 300px\" \/><\/a> Blisko 600 os\u00f3b odwiedzi\u0142o 24 czerwca 2014 roku Katolickie Radio Podlasie w jego g\u0142\u00f3wnej siedzibie przy ul. Biskupa I. \u015awirskiego 56 w Siedlcach. By\u0142a to doskona\u0142a okazja, aby sprawdzi\u0107 jak naprawd\u0119 wygl\u0105da praca w radiu, a tak\u017ce zobaczy\u0107 nowe studio i powiedzie\u0107 kilka s\u0142\u00f3w do mikrofonu. Odwiedzaj\u0105cy mieli szans\u0119 porozmawia\u0107 ze swoimi ulubionymi prowadz\u0105cymi, dzielili si\u0119 uwagami dotycz\u0105cymi radiowego programu, m\u00f3wili o swoich ulubionych audycjach.<\/p>\n<p><a href=\"http:\/\/www.podlasie24.pl\/miasto-siedlce\/region\/dzien-otwarty-w-radiu-podlasie---sluchacze-spotkali-sie-z-radiowcami-13247.html\" target=\"_blank\">Zobacz wi\u0119cej&#8230;<\/a><\/p>\n","protected":false},"excerpt":{"rendered":"<p>Blisko 600 os\u00f3b odwiedzi\u0142o 24 czerwca 2014 roku Katolickie Radio Podlasie w jego g\u0142\u00f3wnej siedzibie przy ul. Biskupa I. \u015awirskiego 56 w Siedlcach. By\u0142a to doskona\u0142a okazja, aby sprawdzi\u0107 jak naprawd\u0119 wygl\u0105da praca w radiu, a tak\u017ce zobaczy\u0107 nowe studio i powiedzie\u0107 kilka s\u0142\u00f3w do mikrofonu. Odwiedzaj\u0105cy mieli szans\u0119 porozmawia\u0107 ze swoimi ulubionymi prowadz\u0105cymi, dzielili [&hellip;]<\/p>\n","protected":false},"author":1,"featured_media":345,"comment_status":"closed","ping_status":"closed","sticky":false,"template":"","format":"standard","meta":{"ngg_post_thumbnail":0},"categories":[1],"tags":[],"_links":{"self":[{"href":"https:\/\/fundacja.radiopodlasie.pl\/index.php?rest_route=\/wp\/v2\/posts\/344"}],"collection":[{"href":"https:\/\/fundacja.radiopodlasie.pl\/index.php?rest_route=\/wp\/v2\/posts"}],"about":[{"href":"https:\/\/fundacja.radiopodlasie.pl\/index.php?rest_route=\/wp\/v2\/types\/post"}],"author":[{"embeddable":true,"href":"https:\/\/fundacja.radiopodlasie.pl\/index.php?rest_route=\/wp\/v2\/users\/1"}],"replies":[{"embeddable":true,"href":"https:\/\/fundacja.radiopodlasie.pl\/index.php?rest_route=%2Fwp%2Fv2%2Fcomments&post=344"}],"version-history":[{"count":2,"href":"https:\/\/fundacja.radiopodlasie.pl\/index.php?rest_route=\/wp\/v2\/posts\/344\/revisions"}],"predecessor-version":[{"id":359,"href":"https:\/\/fundacja.radiopodlasie.pl\/index.php?rest_route=\/wp\/v2\/posts\/344\/revisions\/359"}],"wp:featuredmedia":[{"embeddable":true,"href":"https:\/\/fundacja.radiopodlasie.pl\/index.php?rest_route=\/wp\/v2\/media\/345"}],"wp:attachment":[{"href":"https:\/\/fundacja.radiopodlasie.pl\/index.php?rest_route=%2Fwp%2Fv2%2Fmedia&parent=344"}],"wp:term":[{"taxonomy":"category","embeddable":true,"href":"https:\/\/fundacja.radiopodlasie.pl\/index.php?rest_route=%2Fwp%2Fv2%2Fcategories&post=344"},{"taxonomy":"post_tag","embeddable":true,"href":"https:\/\/fundacja.radiopodlasie.pl\/index.php?rest_route=%2Fwp%2Fv2%2Ftags&post=344"}],"curies":[{"name":"wp","href":"https:\/\/api.w.org\/{rel}","templated":true}]}}