{"id":347,"date":"2014-06-29T14:44:47","date_gmt":"2014-06-29T12:44:47","guid":{"rendered":"http:\/\/fundacja.radiopodlasie.pl\/?p=347"},"modified":"2015-07-13T14:51:09","modified_gmt":"2015-07-13T12:51:09","slug":"fundacja-podlaskie-centrum-radiowe-wspolorganizowala-obchody-rocznicy-katolickiego-radia-podlasie-w-pratulinie","status":"publish","type":"post","link":"https:\/\/fundacja.radiopodlasie.pl\/?p=347","title":{"rendered":"Fundacja Podlaskie Centrum Radiowe wsp\u00f3\u0142organizowa\u0142a obchody rocznicy Katolickiego Radia Podlasie w Pratulinie."},"content":{"rendered":"<p><a href=\"http:\/\/fundacja.radiopodlasie.pl\/wp-content\/uploads\/2015\/07\/e512ddda5936622c1287165d6d412eaf.jpg\"><img decoding=\"async\" loading=\"lazy\" class=\"alignleft size-medium wp-image-348\" src=\"http:\/\/fundacja.radiopodlasie.pl\/wp-content\/uploads\/2015\/07\/e512ddda5936622c1287165d6d412eaf-300x141.jpg\" alt=\"e512ddda5936622c1287165d6d412eaf\" width=\"300\" height=\"141\" srcset=\"https:\/\/fundacja.radiopodlasie.pl\/wp-content\/uploads\/2015\/07\/e512ddda5936622c1287165d6d412eaf-300x141.jpg 300w, https:\/\/fundacja.radiopodlasie.pl\/wp-content\/uploads\/2015\/07\/e512ddda5936622c1287165d6d412eaf.jpg 526w\" sizes=\"(max-width: 300px) 100vw, 300px\" \/><\/a> 29 czerwca w Sanktuarium B\u0142ogos\u0142awionych M\u0119czennik\u00f3w Podlaskich odby\u0142y si\u0119 obchody 22. rocznicy powstania Katolickiego Radia Podlasie. Uroczysto\u015bciom jubileuszowym towarzyszy\u0142 Diecezjalny Dzie\u0144 \u015awiadectwa Wiary oraz IV Pielgrzymka Samorz\u0105d\u00f3w i Samorz\u0105dowc\u00f3w.<\/p>\n<p><a href=\"http:\/\/radiopodlasie.pl\/wiadomosci\/radio-podlasie-swietowalo--w-pratulinie-3d48.html\" target=\"_blank\">Zobacz wi\u0119cej&#8230;<\/a><\/p>\n","protected":false},"excerpt":{"rendered":"<p>29 czerwca w Sanktuarium B\u0142ogos\u0142awionych M\u0119czennik\u00f3w Podlaskich odby\u0142y si\u0119 obchody 22. rocznicy powstania Katolickiego Radia Podlasie. Uroczysto\u015bciom jubileuszowym towarzyszy\u0142 Diecezjalny Dzie\u0144 \u015awiadectwa Wiary oraz IV Pielgrzymka Samorz\u0105d\u00f3w i Samorz\u0105dowc\u00f3w. Zobacz wi\u0119cej&#8230;<\/p>\n","protected":false},"author":1,"featured_media":348,"comment_status":"closed","ping_status":"closed","sticky":false,"template":"","format":"standard","meta":{"ngg_post_thumbnail":0},"categories":[1],"tags":[],"_links":{"self":[{"href":"https:\/\/fundacja.radiopodlasie.pl\/index.php?rest_route=\/wp\/v2\/posts\/347"}],"collection":[{"href":"https:\/\/fundacja.radiopodlasie.pl\/index.php?rest_route=\/wp\/v2\/posts"}],"about":[{"href":"https:\/\/fundacja.radiopodlasie.pl\/index.php?rest_route=\/wp\/v2\/types\/post"}],"author":[{"embeddable":true,"href":"https:\/\/fundacja.radiopodlasie.pl\/index.php?rest_route=\/wp\/v2\/users\/1"}],"replies":[{"embeddable":true,"href":"https:\/\/fundacja.radiopodlasie.pl\/index.php?rest_route=%2Fwp%2Fv2%2Fcomments&post=347"}],"version-history":[{"count":2,"href":"https:\/\/fundacja.radiopodlasie.pl\/index.php?rest_route=\/wp\/v2\/posts\/347\/revisions"}],"predecessor-version":[{"id":358,"href":"https:\/\/fundacja.radiopodlasie.pl\/index.php?rest_route=\/wp\/v2\/posts\/347\/revisions\/358"}],"wp:featuredmedia":[{"embeddable":true,"href":"https:\/\/fundacja.radiopodlasie.pl\/index.php?rest_route=\/wp\/v2\/media\/348"}],"wp:attachment":[{"href":"https:\/\/fundacja.radiopodlasie.pl\/index.php?rest_route=%2Fwp%2Fv2%2Fmedia&parent=347"}],"wp:term":[{"taxonomy":"category","embeddable":true,"href":"https:\/\/fundacja.radiopodlasie.pl\/index.php?rest_route=%2Fwp%2Fv2%2Fcategories&post=347"},{"taxonomy":"post_tag","embeddable":true,"href":"https:\/\/fundacja.radiopodlasie.pl\/index.php?rest_route=%2Fwp%2Fv2%2Ftags&post=347"}],"curies":[{"name":"wp","href":"https:\/\/api.w.org\/{rel}","templated":true}]}}