{"id":350,"date":"2014-08-16T14:46:56","date_gmt":"2014-08-16T12:46:56","guid":{"rendered":"http:\/\/fundacja.radiopodlasie.pl\/?p=350"},"modified":"2015-07-13T14:50:46","modified_gmt":"2015-07-13T12:50:46","slug":"fundacja-podlaskie-centrum-radiowe-udzielila-wsparcia-medialnego-podczas-xxxiv-pieszej-pielgrzymki-podlaskiej-i-xxiv-pieszej-pielgrzymki-drohiczynskiej-na-jasna-gore","status":"publish","type":"post","link":"https:\/\/fundacja.radiopodlasie.pl\/?p=350","title":{"rendered":"Fundacja Podlaskie Centrum Radiowe udzieli\u0142a wsparcia medialnego podczas XXXIV Pieszej Pielgrzymki Podlaskiej i XXIV Pieszej Pielgrzymki Drohiczy\u0144skiej na Jasn\u0105 G\u00f3r\u0119."},"content":{"rendered":"<p><a href=\"http:\/\/fundacja.radiopodlasie.pl\/wp-content\/uploads\/2015\/07\/be8f380e873f6dc7da9ca0cc12bb73e7.jpg\"><img decoding=\"async\" loading=\"lazy\" class=\"alignleft size-medium wp-image-351\" src=\"http:\/\/fundacja.radiopodlasie.pl\/wp-content\/uploads\/2015\/07\/be8f380e873f6dc7da9ca0cc12bb73e7-300x170.jpg\" alt=\"be8f380e873f6dc7da9ca0cc12bb73e7\" width=\"300\" height=\"170\" srcset=\"https:\/\/fundacja.radiopodlasie.pl\/wp-content\/uploads\/2015\/07\/be8f380e873f6dc7da9ca0cc12bb73e7-300x170.jpg 300w, https:\/\/fundacja.radiopodlasie.pl\/wp-content\/uploads\/2015\/07\/be8f380e873f6dc7da9ca0cc12bb73e7.jpg 591w\" sizes=\"(max-width: 300px) 100vw, 300px\" \/><\/a> W 34. Pieszej Pielgrzymce Podlaskiej na Jasn\u0105 G\u00f3r\u0119 uczestniczy\u0142o oko\u0142o 3,5 tys. p\u0105tnik\u00f3w, kt\u00f3rym pos\u0142ugiwa\u0142o 68 kap\u0142an\u00f3w, 29 alumn\u00f3w, 9 si\u00f3str i braci zakonnych. 24. Drohiczy\u0144ska Piesza Pielgrzymka na Jasn\u0105 G\u00f3r\u0119 odby\u0142a si\u0119 pod has\u0142em: \u201eChod\u017acie a zobaczycie!\u201d. Jej kierownikiem by\u0142 ks. Robert Grzybowski. Katolickie Radio Podlasie przy wsparciu Fundacji Podlaskie Centrum Radiowe zorganizowa\u0142o medialn\u0105 obs\u0142ug\u0119 Pieszej Pielgrzymki Podlaskiej i Pieszej Pielgrzymki Drohiczy\u0144skiej. Od samego pocz\u0105tku Pielgrzymki, p\u0105tnikom w ich w\u0119dr\u00f3wce towarzyszy\u0142 w\u00f3z transmisyjny KRP, z tr\u00f3jk\u0105 cz\u0142onk\u00f3w zespo\u0142u radiowego. Dzi\u0119ki jego mo\u017cliwo\u015bciom technicznym, mo\u017cliwe by\u0142o relacjonowanie wszystkich etap\u00f3w drogi Jasn\u0105 G\u00f3r\u0119. Na antenie Katolickiego Radia Podlasie codziennie mo\u017cna by\u0142o us\u0142ysze\u0107 relacje z trasy a na stronie podlasie24.pl ogl\u0105da\u0107 zdj\u0119cia z pielgrzymiego szlaku.<\/p>\n<p><a href=\"http:\/\/podlasie24.pl\/pielgrzymka-2014\/-podlaska\/34.-piesza-pielgrzymka-podlaska---podsumowanie-13944.html\" target=\"_blank\">Zobacz wi\u0119cej&#8230;<\/a><\/p>\n","protected":false},"excerpt":{"rendered":"<p>W 34. Pieszej Pielgrzymce Podlaskiej na Jasn\u0105 G\u00f3r\u0119 uczestniczy\u0142o oko\u0142o 3,5 tys. p\u0105tnik\u00f3w, kt\u00f3rym pos\u0142ugiwa\u0142o 68 kap\u0142an\u00f3w, 29 alumn\u00f3w, 9 si\u00f3str i braci zakonnych. 24. Drohiczy\u0144ska Piesza Pielgrzymka na Jasn\u0105 G\u00f3r\u0119 odby\u0142a si\u0119 pod has\u0142em: \u201eChod\u017acie a zobaczycie!\u201d. Jej kierownikiem by\u0142 ks. Robert Grzybowski. Katolickie Radio Podlasie przy wsparciu Fundacji Podlaskie Centrum Radiowe zorganizowa\u0142o medialn\u0105 [&hellip;]<\/p>\n","protected":false},"author":1,"featured_media":351,"comment_status":"closed","ping_status":"closed","sticky":false,"template":"","format":"standard","meta":{"ngg_post_thumbnail":0},"categories":[1],"tags":[],"_links":{"self":[{"href":"https:\/\/fundacja.radiopodlasie.pl\/index.php?rest_route=\/wp\/v2\/posts\/350"}],"collection":[{"href":"https:\/\/fundacja.radiopodlasie.pl\/index.php?rest_route=\/wp\/v2\/posts"}],"about":[{"href":"https:\/\/fundacja.radiopodlasie.pl\/index.php?rest_route=\/wp\/v2\/types\/post"}],"author":[{"embeddable":true,"href":"https:\/\/fundacja.radiopodlasie.pl\/index.php?rest_route=\/wp\/v2\/users\/1"}],"replies":[{"embeddable":true,"href":"https:\/\/fundacja.radiopodlasie.pl\/index.php?rest_route=%2Fwp%2Fv2%2Fcomments&post=350"}],"version-history":[{"count":2,"href":"https:\/\/fundacja.radiopodlasie.pl\/index.php?rest_route=\/wp\/v2\/posts\/350\/revisions"}],"predecessor-version":[{"id":357,"href":"https:\/\/fundacja.radiopodlasie.pl\/index.php?rest_route=\/wp\/v2\/posts\/350\/revisions\/357"}],"wp:featuredmedia":[{"embeddable":true,"href":"https:\/\/fundacja.radiopodlasie.pl\/index.php?rest_route=\/wp\/v2\/media\/351"}],"wp:attachment":[{"href":"https:\/\/fundacja.radiopodlasie.pl\/index.php?rest_route=%2Fwp%2Fv2%2Fmedia&parent=350"}],"wp:term":[{"taxonomy":"category","embeddable":true,"href":"https:\/\/fundacja.radiopodlasie.pl\/index.php?rest_route=%2Fwp%2Fv2%2Fcategories&post=350"},{"taxonomy":"post_tag","embeddable":true,"href":"https:\/\/fundacja.radiopodlasie.pl\/index.php?rest_route=%2Fwp%2Fv2%2Ftags&post=350"}],"curies":[{"name":"wp","href":"https:\/\/api.w.org\/{rel}","templated":true}]}}