{"id":353,"date":"2014-12-18T14:48:55","date_gmt":"2014-12-18T13:48:55","guid":{"rendered":"http:\/\/fundacja.radiopodlasie.pl\/?p=353"},"modified":"2015-07-13T14:50:22","modified_gmt":"2015-07-13T12:50:22","slug":"353","status":"publish","type":"post","link":"https:\/\/fundacja.radiopodlasie.pl\/?p=353","title":{"rendered":"Wsparcie \u015bwi\u0105tecznej akcji charytatywnej pod nazwa \u201eDzi\u0119ki \u017ce jeste\u015b\u201d"},"content":{"rendered":"<p><a href=\"http:\/\/fundacja.radiopodlasie.pl\/wp-content\/uploads\/2015\/07\/d37589cd61e37a0f4b5e0c56d5a9aa8d.jpg\"><img decoding=\"async\" loading=\"lazy\" class=\"alignleft size-medium wp-image-354\" src=\"http:\/\/fundacja.radiopodlasie.pl\/wp-content\/uploads\/2015\/07\/d37589cd61e37a0f4b5e0c56d5a9aa8d-300x170.jpg\" alt=\"d37589cd61e37a0f4b5e0c56d5a9aa8d\" width=\"300\" height=\"170\" srcset=\"https:\/\/fundacja.radiopodlasie.pl\/wp-content\/uploads\/2015\/07\/d37589cd61e37a0f4b5e0c56d5a9aa8d-300x170.jpg 300w, https:\/\/fundacja.radiopodlasie.pl\/wp-content\/uploads\/2015\/07\/d37589cd61e37a0f4b5e0c56d5a9aa8d.jpg 591w\" sizes=\"(max-width: 300px) 100vw, 300px\" \/><\/a> \u201eDzi\u0119ki, \u017ce jeste\u015b\u2026\u201d to has\u0142o \u015bwi\u0105tecznej akcji organizowanej przez Katolickie Radio Podlasie, Regionalny Portal Informacyjny podlasie24.pl, Ko\u0142o Przyjaci\u00f3\u0142 Radia Podlasie, Fundacj\u0119 Podlaskie Centrum Radiowe oraz partner\u00f3w: OPEL Jastrz\u0119bski z Siedlec, Zak\u0142ady Mi\u0119sne \u0141-Meat \u0141uk\u00f3w, ZM Wierzejki, Sp\u00f3\u0142dzielnia Mleczarska Spomlek, OSM Siedlce, Drukarnia IWONEX, Opel Jastrz\u0119bski oraz sie\u0107 sklep\u00f3w Topaz. W pierwszym etapie akcji radios\u0142uchacze i czytelnicy portalu podlasie24.pl przesy\u0142ali na adres radia lub za po\u015brednictwem K\u00f3\u0142 Przyjaci\u00f3\u0142 KRP \u2013 kr\u00f3tkich opowie\u015bci o samotnych s\u0105siadach, znajomych, od kt\u00f3rych do\u015bwiadczyli dobra w ka\u017cdej postaci. Przed \u015awi\u0119tami Bo\u017cego narodzenia 100 wybranych spo\u015br\u00f3d wszystkich zg\u0142oszonych os\u00f3b, otrzyma\u0142o specjalne paczki \u015bwi\u0105teczne.<\/p>\n<p><a href=\"http:\/\/www.podlasie24.pl\/kraj\/region\/zblizamy-sie-do-finalu-swiatecznej-akcji-dzieki-ze-jestes-1573c.html\" target=\"_blank\">Zobacz wi\u0119cej&#8230;<\/a><\/p>\n","protected":false},"excerpt":{"rendered":"<p>\u201eDzi\u0119ki, \u017ce jeste\u015b\u2026\u201d to has\u0142o \u015bwi\u0105tecznej akcji organizowanej przez Katolickie Radio Podlasie, Regionalny Portal Informacyjny podlasie24.pl, Ko\u0142o Przyjaci\u00f3\u0142 Radia Podlasie, Fundacj\u0119 Podlaskie Centrum Radiowe oraz partner\u00f3w: OPEL Jastrz\u0119bski z Siedlec, Zak\u0142ady Mi\u0119sne \u0141-Meat \u0141uk\u00f3w, ZM Wierzejki, Sp\u00f3\u0142dzielnia Mleczarska Spomlek, OSM Siedlce, Drukarnia IWONEX, Opel Jastrz\u0119bski oraz sie\u0107 sklep\u00f3w Topaz. W pierwszym etapie akcji radios\u0142uchacze i [&hellip;]<\/p>\n","protected":false},"author":1,"featured_media":354,"comment_status":"closed","ping_status":"closed","sticky":false,"template":"","format":"standard","meta":{"ngg_post_thumbnail":0},"categories":[1],"tags":[],"_links":{"self":[{"href":"https:\/\/fundacja.radiopodlasie.pl\/index.php?rest_route=\/wp\/v2\/posts\/353"}],"collection":[{"href":"https:\/\/fundacja.radiopodlasie.pl\/index.php?rest_route=\/wp\/v2\/posts"}],"about":[{"href":"https:\/\/fundacja.radiopodlasie.pl\/index.php?rest_route=\/wp\/v2\/types\/post"}],"author":[{"embeddable":true,"href":"https:\/\/fundacja.radiopodlasie.pl\/index.php?rest_route=\/wp\/v2\/users\/1"}],"replies":[{"embeddable":true,"href":"https:\/\/fundacja.radiopodlasie.pl\/index.php?rest_route=%2Fwp%2Fv2%2Fcomments&post=353"}],"version-history":[{"count":2,"href":"https:\/\/fundacja.radiopodlasie.pl\/index.php?rest_route=\/wp\/v2\/posts\/353\/revisions"}],"predecessor-version":[{"id":356,"href":"https:\/\/fundacja.radiopodlasie.pl\/index.php?rest_route=\/wp\/v2\/posts\/353\/revisions\/356"}],"wp:featuredmedia":[{"embeddable":true,"href":"https:\/\/fundacja.radiopodlasie.pl\/index.php?rest_route=\/wp\/v2\/media\/354"}],"wp:attachment":[{"href":"https:\/\/fundacja.radiopodlasie.pl\/index.php?rest_route=%2Fwp%2Fv2%2Fmedia&parent=353"}],"wp:term":[{"taxonomy":"category","embeddable":true,"href":"https:\/\/fundacja.radiopodlasie.pl\/index.php?rest_route=%2Fwp%2Fv2%2Fcategories&post=353"},{"taxonomy":"post_tag","embeddable":true,"href":"https:\/\/fundacja.radiopodlasie.pl\/index.php?rest_route=%2Fwp%2Fv2%2Ftags&post=353"}],"curies":[{"name":"wp","href":"https:\/\/api.w.org\/{rel}","templated":true}]}}