{"id":36,"date":"2011-09-18T17:04:45","date_gmt":"2011-09-18T15:04:45","guid":{"rendered":"http:\/\/fundacja.radiopodlasie.pl\/?p=36"},"modified":"2013-03-21T14:33:31","modified_gmt":"2013-03-21T13:33:31","slug":"obchodami-500-lecia-powstania-parafii-sw-zygmunta-w-losicach-kampania-medialna","status":"publish","type":"post","link":"https:\/\/fundacja.radiopodlasie.pl\/?p=36","title":{"rendered":"Obchody 500-lecia powstania parafii \u015bw. Zygmunta w \u0141osicach &#8211; kampania medialna"},"content":{"rendered":"<p><b>17 \u2013 18 wrze\u015bnia 2011 roku<\/b> &#8211; Kampania medialna zwi\u0105zana z obchodami 500-lecia powstania parafii \u015bw. Zygmunta.<\/p>\n<p>W ramach kampanii przygotowano zapowiedzi wydarze\u0144, relacje i program \u201ena \u017cywo\u201d z \u0141osic. Kampania realizowana przez Katolickie Radio Podlasie i Regionalny Portal Informacyjny podlasie24.pl. patronat medialny nad sesj\u0105 naukow\u0105 w I Liceum Og\u00f3lnokszta\u0142c\u0105cym w \u0141osicach, na kt\u00f3rej mia\u0142a miejsce prezentacja ksi\u0105\u017cki ,,500 lat \u0141osickiego Ko\u015bcio\u0142a. Dzieje parafii i dekanatu\u2019\u2019 oraz g\u0142\u00f3wnymi uroczysto\u015bciami 18 wrze\u015bnia.<\/p>\n<hr \/>\n<p><strong>ZOBACZ:<\/strong><br \/>\n<a href=\"http:\/\/podlasie24.pl\/\/wiadomosci\/diec.-siedlecka\/losice-trwaja-przygotowania-do-jubileuszu-500-lecia-parafii-sw.-zygmunta-7be0.html\">\u0141osice: Trwaj\u0105 przygotowania do Jubileuszu 500-lecia parafii \u015bw. Zygmunta<\/a><br \/>\n<a href=\"http:\/\/podlasie24.pl\/wiadomosci\/losice\/program-radia-podlasie-z-losic-7c0d.html\">Program Radia Podlasie z \u0141osic<\/a><\/p>\n","protected":false},"excerpt":{"rendered":"<p>17 \u2013 18 wrze\u015bnia 2011 roku &#8211; Kampania medialna zwi\u0105zana z obchodami 500-lecia powstania parafii \u015bw. Zygmunta. W ramach kampanii przygotowano zapowiedzi wydarze\u0144, relacje i program \u201ena \u017cywo\u201d z \u0141osic. Kampania realizowana przez Katolickie Radio Podlasie i Regionalny Portal Informacyjny podlasie24.pl. patronat medialny nad sesj\u0105 naukow\u0105 w I Liceum Og\u00f3lnokszta\u0142c\u0105cym w \u0141osicach, na kt\u00f3rej mia\u0142a [&hellip;]<\/p>\n","protected":false},"author":1,"featured_media":56,"comment_status":"open","ping_status":"open","sticky":false,"template":"","format":"standard","meta":{"ngg_post_thumbnail":0},"categories":[1],"tags":[],"_links":{"self":[{"href":"https:\/\/fundacja.radiopodlasie.pl\/index.php?rest_route=\/wp\/v2\/posts\/36"}],"collection":[{"href":"https:\/\/fundacja.radiopodlasie.pl\/index.php?rest_route=\/wp\/v2\/posts"}],"about":[{"href":"https:\/\/fundacja.radiopodlasie.pl\/index.php?rest_route=\/wp\/v2\/types\/post"}],"author":[{"embeddable":true,"href":"https:\/\/fundacja.radiopodlasie.pl\/index.php?rest_route=\/wp\/v2\/users\/1"}],"replies":[{"embeddable":true,"href":"https:\/\/fundacja.radiopodlasie.pl\/index.php?rest_route=%2Fwp%2Fv2%2Fcomments&post=36"}],"version-history":[{"count":5,"href":"https:\/\/fundacja.radiopodlasie.pl\/index.php?rest_route=\/wp\/v2\/posts\/36\/revisions"}],"predecessor-version":[{"id":96,"href":"https:\/\/fundacja.radiopodlasie.pl\/index.php?rest_route=\/wp\/v2\/posts\/36\/revisions\/96"}],"wp:featuredmedia":[{"embeddable":true,"href":"https:\/\/fundacja.radiopodlasie.pl\/index.php?rest_route=\/wp\/v2\/media\/56"}],"wp:attachment":[{"href":"https:\/\/fundacja.radiopodlasie.pl\/index.php?rest_route=%2Fwp%2Fv2%2Fmedia&parent=36"}],"wp:term":[{"taxonomy":"category","embeddable":true,"href":"https:\/\/fundacja.radiopodlasie.pl\/index.php?rest_route=%2Fwp%2Fv2%2Fcategories&post=36"},{"taxonomy":"post_tag","embeddable":true,"href":"https:\/\/fundacja.radiopodlasie.pl\/index.php?rest_route=%2Fwp%2Fv2%2Ftags&post=36"}],"curies":[{"name":"wp","href":"https:\/\/api.w.org\/{rel}","templated":true}]}}