{"id":38,"date":"2011-09-20T17:06:00","date_gmt":"2011-09-20T15:06:00","guid":{"rendered":"http:\/\/fundacja.radiopodlasie.pl\/?p=38"},"modified":"2013-03-21T14:35:25","modified_gmt":"2013-03-21T13:35:25","slug":"problemy-w-komunikacji-miedzyludzkiej-i-ich-zwiazek-ze-zjawiskiem-przemocy-seminarium","status":"publish","type":"post","link":"https:\/\/fundacja.radiopodlasie.pl\/?p=38","title":{"rendered":"\u201eProblemy w komunikacji mi\u0119dzyludzkiej i ich zwi\u0105zek ze zjawiskiem przemocy\u201d &#8211; seminarium"},"content":{"rendered":"<p><b>20 wrze\u015bnia 2011 roku<\/b> w Siedlcach zorganizowano seminarium \u201eProblemy w komunikacji mi\u0119dzyludzkiej i ich zwi\u0105zek ze zjawiskiem przemocy\u201d<br \/>\nG\u0142\u00f3wnym organizatorem by\u0142o siedleckie Stowarzyszenie na Rzecz Os\u00f3b Uzale\u017cnionych \u201ePowr\u00f3t z U\u201d . Katolickie Radio Podlasie i portal podlasie24.pl sprawowa\u0142y patronat medialny.<\/p>\n<hr \/>\n<p><strong>ZOBACZ:<\/strong><br \/>\n<a href=\"http:\/\/www.podlasie24.pl\/wiadomosci\/siedlce\/siedlce-aktorka-anna-samusionek-wziela-udzial-w-konferencji--7c9c.html\">SIEDLCE: Aktorka Anna Samusionek wzi\u0119\u0142a udzia\u0142 w konferencji<\/a><\/p>\n","protected":false},"excerpt":{"rendered":"<p>20 wrze\u015bnia 2011 roku w Siedlcach zorganizowano seminarium \u201eProblemy w komunikacji mi\u0119dzyludzkiej i ich zwi\u0105zek ze zjawiskiem przemocy\u201d G\u0142\u00f3wnym organizatorem by\u0142o siedleckie Stowarzyszenie na Rzecz Os\u00f3b Uzale\u017cnionych \u201ePowr\u00f3t z U\u201d . Katolickie Radio Podlasie i portal podlasie24.pl sprawowa\u0142y patronat medialny. ZOBACZ: SIEDLCE: Aktorka Anna Samusionek wzi\u0119\u0142a udzia\u0142 w konferencji<\/p>\n","protected":false},"author":1,"featured_media":54,"comment_status":"open","ping_status":"open","sticky":false,"template":"","format":"standard","meta":{"ngg_post_thumbnail":0},"categories":[1],"tags":[],"_links":{"self":[{"href":"https:\/\/fundacja.radiopodlasie.pl\/index.php?rest_route=\/wp\/v2\/posts\/38"}],"collection":[{"href":"https:\/\/fundacja.radiopodlasie.pl\/index.php?rest_route=\/wp\/v2\/posts"}],"about":[{"href":"https:\/\/fundacja.radiopodlasie.pl\/index.php?rest_route=\/wp\/v2\/types\/post"}],"author":[{"embeddable":true,"href":"https:\/\/fundacja.radiopodlasie.pl\/index.php?rest_route=\/wp\/v2\/users\/1"}],"replies":[{"embeddable":true,"href":"https:\/\/fundacja.radiopodlasie.pl\/index.php?rest_route=%2Fwp%2Fv2%2Fcomments&post=38"}],"version-history":[{"count":4,"href":"https:\/\/fundacja.radiopodlasie.pl\/index.php?rest_route=\/wp\/v2\/posts\/38\/revisions"}],"predecessor-version":[{"id":53,"href":"https:\/\/fundacja.radiopodlasie.pl\/index.php?rest_route=\/wp\/v2\/posts\/38\/revisions\/53"}],"wp:featuredmedia":[{"embeddable":true,"href":"https:\/\/fundacja.radiopodlasie.pl\/index.php?rest_route=\/wp\/v2\/media\/54"}],"wp:attachment":[{"href":"https:\/\/fundacja.radiopodlasie.pl\/index.php?rest_route=%2Fwp%2Fv2%2Fmedia&parent=38"}],"wp:term":[{"taxonomy":"category","embeddable":true,"href":"https:\/\/fundacja.radiopodlasie.pl\/index.php?rest_route=%2Fwp%2Fv2%2Fcategories&post=38"},{"taxonomy":"post_tag","embeddable":true,"href":"https:\/\/fundacja.radiopodlasie.pl\/index.php?rest_route=%2Fwp%2Fv2%2Ftags&post=38"}],"curies":[{"name":"wp","href":"https:\/\/api.w.org\/{rel}","templated":true}]}}