{"id":385,"date":"2015-06-19T11:58:15","date_gmt":"2015-06-19T09:58:15","guid":{"rendered":"http:\/\/fundacja.radiopodlasie.pl\/?p=385"},"modified":"2016-08-19T12:51:57","modified_gmt":"2016-08-19T10:51:57","slug":"konkurs-nie-ma-jak-w-domu","status":"publish","type":"post","link":"https:\/\/fundacja.radiopodlasie.pl\/?p=385","title":{"rendered":"Konkurs &#8222;NIE MA JAK W DOMU&#8221;"},"content":{"rendered":"<p>Fundacja Podlaskie Centrum Radiowe i Katolickie Radio Podlasie zorganizowa\u0142y konkurs na reporta\u017c radiowy. Konkurs mia\u0142 og\u00f3lnopolski zasi\u0119g. Temat przewodni &#8211; \u201eNie ma jak w domu&#8221;. Honorowy patronat nad konkursem obj\u0105\u0142 JE Ksi\u0105dz Biskup Piotr Sawczuk.<\/p>\n<p><strong>Cele i temat konkursu wg <a href=\"http:\/\/www.podlasie24.pl\/upl\/Regulamin_Nie_ma_jak_w_domu.pdf\">regulaminu<\/a>:<\/strong><\/p>\n<p>&#8222;Celem Konkursu jest promocja idei ma\u0142ych ojczyzn rozumianych jako kraj za wielkimi miastami, czyli tak zwanej Polski powiatowej. Wspieranie ludzi, kt\u00f3rzy zwi\u0105zali swoje \u017cycie z miejscem, w kt\u00f3rym przyszli na \u015bwiat lub sk\u0105d wywodz\u0105 si\u0119 ich najbli\u017csi. Tu realizuj\u0105 w nich swoje powo\u0142ania, misje, odnosz\u0105 sukcesy w biznesie, dzia\u0142aniach kulturalnych, spo\u0142ecznych czy edukacyjnych. Czuj\u0105 si\u0119 w nich spe\u0142nieni&#8221;. Organizatorom zale\u017ca\u0142o szczeg\u00f3lnie na promocji przywi\u0105zania do rodziny, spo\u0142eczno\u015bci lokalnej, realizacji siebie bez konieczno\u015bci opuszczania Polski lokalnej na rzecz wyboru wielkich o\u015brodk\u00f3w miejskich czy emigracji za granic\u0119. Tematem za\u015b s\u0105 historie jednostek, rodzin lub spo\u0142eczno\u015bci, kt\u00f3re \u015bwiadomie podj\u0119\u0142y decyzj\u0119 wyboru \u017cycia poza wielkimi miastami.<\/p>\n<p>Jury Konkursu oceni\u0142o walory samej historii oraz form\u0119 przekazu. Organizatorom zale\u017cy na komunikatywno\u015bci przekazu oraz budowaniu pozytywnych emocji wok\u00f3\u0142 idei bohater\u00f3w.<\/p>\n<p>Do konkursu zakwalifikowano 14 reporta\u017cy radiowych. Ich autorzy reprezentowali: Katolickie Radio Podlasie, Polskie Radio Rzesz\u00f3w, Radio Rodzina, Radio Doxa, Polskie Radio Koszalin S.A.<\/p>\n<p>Wszystkie reporta\u017ce wyemitowano na antenie Katolickiego Radia Podlasie. Nagrodzono trzy: &#8222;Jedyna nadzieja w Zbyszku&#8221;- Katolickiego Radia Podlasie i &#8221; Kuropatniki. Powr\u00f3t do korzeni&#8221;- Polskie Radio Koszalin,&#8221;Ewa Przepi\u00f3rska &#8211; Konopa &#8211; lekarz ludzkich dusz&#8221;- Katolickie Radio Podlasie.<\/p>\n<p>ZOBACZ:<\/p>\n<p><a href=\"http:\/\/podlasie24.pl\/kraj\/region\/zwyciezcy-konkursu-na-reportaz-radiowy--17cac.html\" target=\"_blank\">Zwyci\u0119zcy konkursu na reporta\u017c radiowy<\/a><\/p>\n<p><a href=\"http:\/\/www.podlasie24.pl\/miasto-siedlce\/kosciol\/zwyciezcy-konkursu-nie-ma-jak-w-domu-18058.html\" target=\"_blank\">Zwyci\u0119zcy konkursu NIE MA JAK W DOMU<\/a><\/p>\n<p>&nbsp;<\/p>\n<p>&nbsp;<\/p>\n","protected":false},"excerpt":{"rendered":"<p>Fundacja Podlaskie Centrum Radiowe i Katolickie Radio Podlasie zorganizowa\u0142y konkurs na reporta\u017c radiowy. Konkurs mia\u0142 og\u00f3lnopolski zasi\u0119g. Temat przewodni &#8211; \u201eNie ma jak w domu&#8221;. Honorowy patronat nad konkursem obj\u0105\u0142 JE Ksi\u0105dz Biskup Piotr Sawczuk. Cele i temat konkursu wg regulaminu: &#8222;Celem Konkursu jest promocja idei ma\u0142ych ojczyzn rozumianych jako kraj za wielkimi miastami, czyli [&hellip;]<\/p>\n","protected":false},"author":1,"featured_media":401,"comment_status":"closed","ping_status":"closed","sticky":false,"template":"","format":"standard","meta":{"ngg_post_thumbnail":0},"categories":[1],"tags":[],"_links":{"self":[{"href":"https:\/\/fundacja.radiopodlasie.pl\/index.php?rest_route=\/wp\/v2\/posts\/385"}],"collection":[{"href":"https:\/\/fundacja.radiopodlasie.pl\/index.php?rest_route=\/wp\/v2\/posts"}],"about":[{"href":"https:\/\/fundacja.radiopodlasie.pl\/index.php?rest_route=\/wp\/v2\/types\/post"}],"author":[{"embeddable":true,"href":"https:\/\/fundacja.radiopodlasie.pl\/index.php?rest_route=\/wp\/v2\/users\/1"}],"replies":[{"embeddable":true,"href":"https:\/\/fundacja.radiopodlasie.pl\/index.php?rest_route=%2Fwp%2Fv2%2Fcomments&post=385"}],"version-history":[{"count":2,"href":"https:\/\/fundacja.radiopodlasie.pl\/index.php?rest_route=\/wp\/v2\/posts\/385\/revisions"}],"predecessor-version":[{"id":402,"href":"https:\/\/fundacja.radiopodlasie.pl\/index.php?rest_route=\/wp\/v2\/posts\/385\/revisions\/402"}],"wp:featuredmedia":[{"embeddable":true,"href":"https:\/\/fundacja.radiopodlasie.pl\/index.php?rest_route=\/wp\/v2\/media\/401"}],"wp:attachment":[{"href":"https:\/\/fundacja.radiopodlasie.pl\/index.php?rest_route=%2Fwp%2Fv2%2Fmedia&parent=385"}],"wp:term":[{"taxonomy":"category","embeddable":true,"href":"https:\/\/fundacja.radiopodlasie.pl\/index.php?rest_route=%2Fwp%2Fv2%2Fcategories&post=385"},{"taxonomy":"post_tag","embeddable":true,"href":"https:\/\/fundacja.radiopodlasie.pl\/index.php?rest_route=%2Fwp%2Fv2%2Ftags&post=385"}],"curies":[{"name":"wp","href":"https:\/\/api.w.org\/{rel}","templated":true}]}}