{"id":387,"date":"2015-01-08T12:04:41","date_gmt":"2015-01-08T11:04:41","guid":{"rendered":"http:\/\/fundacja.radiopodlasie.pl\/?p=387"},"modified":"2016-08-19T12:47:44","modified_gmt":"2016-08-19T10:47:44","slug":"spotkanie-oplatkowe-samorzadowcow-w-wsd-siedlce","status":"publish","type":"post","link":"https:\/\/fundacja.radiopodlasie.pl\/?p=387","title":{"rendered":"Spotkanie op\u0142atkowe samorz\u0105dowc\u00f3w w WSD Siedlce"},"content":{"rendered":"<p>7 stycznia 2015 roku w gmachu Wy\u017cszego Seminarium Duchownego Diecezji Siedleckiej w Opolu Nowym k\/Siedlec pod przewodnictwem Biskupa Pomocniczego diecezji siedleckiej Piotra Sawczuka odby\u0142o si\u0119 coroczne spotkanie op\u0142atkowe samorz\u0105dowc\u00f3w, przedsi\u0119biorc\u00f3w i przyjaci\u00f3\u0142 Katolickiego Radia Podlasie. Spotkanie wsp\u00f3\u0142organizowa\u0142a Fundacja Podlaskie Centrum Radiowe.<\/p>\n<p>&nbsp;<\/p>\n<p>ZOBACZ:<\/p>\n<p><a href=\"http:\/\/podlasie24.pl\/powiat-siedlecki\/kosciol\/rozpoczelo-sie-spotkanie-noworoczne-samorzadowcow-politykow-przedsiebiorcow-i-przyjaciol-krp-15a5f.html\" target=\"_blank\">Rozpocz\u0119\u0142o si\u0119 spotkanie noworoczne samorz\u0105dowc\u00f3w, polityk\u00f3w, przedsi\u0119biorc\u00f3w i przyjaci\u00f3\u0142 KRP<\/a><\/p>\n<p><a href=\"http:\/\/www.podlasie24.pl\/powiat-siedlecki\/kosciol\/spotkanie-noworoczne-samorzadowcow-politykow-przedsiebiorcow-i-przyjaciol-krp-15a38.html\" target=\"_blank\">Spotkanie noworoczne samorz\u0105dowc\u00f3w, polityk\u00f3w, przedsi\u0119biorc\u00f3w i przyjaci\u00f3\u0142 KRP<\/a><\/p>\n","protected":false},"excerpt":{"rendered":"<p>7 stycznia 2015 roku w gmachu Wy\u017cszego Seminarium Duchownego Diecezji Siedleckiej w Opolu Nowym k\/Siedlec pod przewodnictwem Biskupa Pomocniczego diecezji siedleckiej Piotra Sawczuka odby\u0142o si\u0119 coroczne spotkanie op\u0142atkowe samorz\u0105dowc\u00f3w, przedsi\u0119biorc\u00f3w i przyjaci\u00f3\u0142 Katolickiego Radia Podlasie. Spotkanie wsp\u00f3\u0142organizowa\u0142a Fundacja Podlaskie Centrum Radiowe. &nbsp; ZOBACZ: Rozpocz\u0119\u0142o si\u0119 spotkanie noworoczne samorz\u0105dowc\u00f3w, polityk\u00f3w, przedsi\u0119biorc\u00f3w i przyjaci\u00f3\u0142 KRP Spotkanie noworoczne [&hellip;]<\/p>\n","protected":false},"author":1,"featured_media":398,"comment_status":"closed","ping_status":"closed","sticky":false,"template":"","format":"standard","meta":{"ngg_post_thumbnail":0},"categories":[1],"tags":[],"_links":{"self":[{"href":"https:\/\/fundacja.radiopodlasie.pl\/index.php?rest_route=\/wp\/v2\/posts\/387"}],"collection":[{"href":"https:\/\/fundacja.radiopodlasie.pl\/index.php?rest_route=\/wp\/v2\/posts"}],"about":[{"href":"https:\/\/fundacja.radiopodlasie.pl\/index.php?rest_route=\/wp\/v2\/types\/post"}],"author":[{"embeddable":true,"href":"https:\/\/fundacja.radiopodlasie.pl\/index.php?rest_route=\/wp\/v2\/users\/1"}],"replies":[{"embeddable":true,"href":"https:\/\/fundacja.radiopodlasie.pl\/index.php?rest_route=%2Fwp%2Fv2%2Fcomments&post=387"}],"version-history":[{"count":3,"href":"https:\/\/fundacja.radiopodlasie.pl\/index.php?rest_route=\/wp\/v2\/posts\/387\/revisions"}],"predecessor-version":[{"id":397,"href":"https:\/\/fundacja.radiopodlasie.pl\/index.php?rest_route=\/wp\/v2\/posts\/387\/revisions\/397"}],"wp:featuredmedia":[{"embeddable":true,"href":"https:\/\/fundacja.radiopodlasie.pl\/index.php?rest_route=\/wp\/v2\/media\/398"}],"wp:attachment":[{"href":"https:\/\/fundacja.radiopodlasie.pl\/index.php?rest_route=%2Fwp%2Fv2%2Fmedia&parent=387"}],"wp:term":[{"taxonomy":"category","embeddable":true,"href":"https:\/\/fundacja.radiopodlasie.pl\/index.php?rest_route=%2Fwp%2Fv2%2Fcategories&post=387"},{"taxonomy":"post_tag","embeddable":true,"href":"https:\/\/fundacja.radiopodlasie.pl\/index.php?rest_route=%2Fwp%2Fv2%2Ftags&post=387"}],"curies":[{"name":"wp","href":"https:\/\/api.w.org\/{rel}","templated":true}]}}