{"id":391,"date":"2015-10-20T12:14:11","date_gmt":"2015-10-20T10:14:11","guid":{"rendered":"http:\/\/fundacja.radiopodlasie.pl\/?p=391"},"modified":"2016-08-19T12:52:45","modified_gmt":"2016-08-19T10:52:45","slug":"fundacja-wspiera-medialnie-konkurs-dla-strazakow","status":"publish","type":"post","link":"https:\/\/fundacja.radiopodlasie.pl\/?p=391","title":{"rendered":"Fundacja wspiera medialnie konkurs dla stra\u017cak\u00f3w"},"content":{"rendered":"<p>Wsparcie konkursu pod nazw\u0105 O Wawrzyn &#8211; Najlepszy Stra\u017cak Ochotnik i Jednostka Ochotniczej Stra\u017cy Po\u017carnej (OSP) z subregionu siedlecko &#8211; ostro\u0142\u0119ckiego&#8221;. Pomys\u0142odawcami i g\u0142\u00f3wnymi organizatorami konkursu byli Jaros\u0142aw Kalinowski, pose\u0142 do Parlamentu Europejskiego oraz Krzysztof Borkowski, pose\u0142 na Sejm. Fundacja Podlaskie Centrum Radiowe udzieli\u0142a wsparcia medialnego temu wydarzeniu. Konkurs trwa\u0142 od maja do wrze\u015bnia 2015 roku.<\/p>\n<p>ZOBACZ:<\/p>\n<p><a href=\"http:\/\/www.podlasie24.pl\/kraj\/region\/konkurs-o-wawrzyn-dla-strazakow-ochotnikow-i-jednostek-osp-1851e.html\" target=\"_blank\">Konkurs: O WAWRZYN dla Stra\u017cak\u00f3w Ochotnik\u00f3w i Jednostek OSP<\/a><\/p>\n<p><a href=\"http:\/\/podlasie24.pl\/miasto-siedlce\/region\/wawrzyny-2015-\/zdjecia\/---199da.html\" target=\"_blank\">Wawrzyny 2015 \/ZDJ\u0118CIA\/<\/a><\/p>\n","protected":false},"excerpt":{"rendered":"<p>Wsparcie konkursu pod nazw\u0105 O Wawrzyn &#8211; Najlepszy Stra\u017cak Ochotnik i Jednostka Ochotniczej Stra\u017cy Po\u017carnej (OSP) z subregionu siedlecko &#8211; ostro\u0142\u0119ckiego&#8221;. Pomys\u0142odawcami i g\u0142\u00f3wnymi organizatorami konkursu byli Jaros\u0142aw Kalinowski, pose\u0142 do Parlamentu Europejskiego oraz Krzysztof Borkowski, pose\u0142 na Sejm. Fundacja Podlaskie Centrum Radiowe udzieli\u0142a wsparcia medialnego temu wydarzeniu. Konkurs trwa\u0142 od maja do wrze\u015bnia 2015 [&hellip;]<\/p>\n","protected":false},"author":1,"featured_media":403,"comment_status":"closed","ping_status":"closed","sticky":false,"template":"","format":"standard","meta":{"ngg_post_thumbnail":0},"categories":[1],"tags":[],"_links":{"self":[{"href":"https:\/\/fundacja.radiopodlasie.pl\/index.php?rest_route=\/wp\/v2\/posts\/391"}],"collection":[{"href":"https:\/\/fundacja.radiopodlasie.pl\/index.php?rest_route=\/wp\/v2\/posts"}],"about":[{"href":"https:\/\/fundacja.radiopodlasie.pl\/index.php?rest_route=\/wp\/v2\/types\/post"}],"author":[{"embeddable":true,"href":"https:\/\/fundacja.radiopodlasie.pl\/index.php?rest_route=\/wp\/v2\/users\/1"}],"replies":[{"embeddable":true,"href":"https:\/\/fundacja.radiopodlasie.pl\/index.php?rest_route=%2Fwp%2Fv2%2Fcomments&post=391"}],"version-history":[{"count":1,"href":"https:\/\/fundacja.radiopodlasie.pl\/index.php?rest_route=\/wp\/v2\/posts\/391\/revisions"}],"predecessor-version":[{"id":392,"href":"https:\/\/fundacja.radiopodlasie.pl\/index.php?rest_route=\/wp\/v2\/posts\/391\/revisions\/392"}],"wp:featuredmedia":[{"embeddable":true,"href":"https:\/\/fundacja.radiopodlasie.pl\/index.php?rest_route=\/wp\/v2\/media\/403"}],"wp:attachment":[{"href":"https:\/\/fundacja.radiopodlasie.pl\/index.php?rest_route=%2Fwp%2Fv2%2Fmedia&parent=391"}],"wp:term":[{"taxonomy":"category","embeddable":true,"href":"https:\/\/fundacja.radiopodlasie.pl\/index.php?rest_route=%2Fwp%2Fv2%2Fcategories&post=391"},{"taxonomy":"post_tag","embeddable":true,"href":"https:\/\/fundacja.radiopodlasie.pl\/index.php?rest_route=%2Fwp%2Fv2%2Ftags&post=391"}],"curies":[{"name":"wp","href":"https:\/\/api.w.org\/{rel}","templated":true}]}}