{"id":393,"date":"2015-12-10T12:17:29","date_gmt":"2015-12-10T11:17:29","guid":{"rendered":"http:\/\/fundacja.radiopodlasie.pl\/?p=393"},"modified":"2016-08-19T12:54:00","modified_gmt":"2016-08-19T10:54:00","slug":"cykl-spotkan-z-racji-jubileuszu-1050-rocznicy-chrztu-polski","status":"publish","type":"post","link":"https:\/\/fundacja.radiopodlasie.pl\/?p=393","title":{"rendered":"Cykl spotka\u0144 z racji jubileuszu 1050. rocznicy Chrztu Polski"},"content":{"rendered":"<p>Fundacja wspiera\u0142a organizacyjnie cykl spotka\u0144 z racji jubileuszu 1050. rocznicy Chrztu Polski. Od 29 stycznia 2015 w ka\u017cdy kolejny ostatni czwartek miesi\u0105ca w auli Katolickim Liceum Og\u00f3lnokszta\u0142c\u0105cym imienia \u015awi\u0119tej Rodziny w Siedlcach we wsp\u00f3\u0142pracy z Bractwem \u015awi\u0119tego Judy Tadeusza organizowane by\u0142y otwarte dla publiczno\u015bci, transmitowane przez Katolickie Radio Podlasie, wyk\u0142ady po\u015bwi\u0119cone historii pocz\u0105tk\u00f3w pa\u0144stwa polskiego oraz organizacji ko\u015bcielnej. Do grudnia 2015 roku zorganizowano 10 wyk\u0142ad\u00f3w (wy\u0142\u0105czaj\u0105c przerw\u0119 wakacyjn\u0105). Przeci\u0119tnie w wyk\u0142adach uczestniczy\u0142o od 100 do 150 s\u0142uchaczy, a z po\u015brednictwem Katolickiego Radia Podlasie \u015brednio 5 tysi\u0119cy s\u0142uchaczy.<\/p>\n<p>ZOBACZ:<\/p>\n<p><a href=\"http:\/\/podlasie24.pl\/miasto-siedlce\/kosciol\/kobiety-anioly--demony-czyli-o-walce-duchowej-1992d.html\" target=\"_blank\">Kobiety, anio\u0142y \u2013 demony, czyli o walce duchowej<\/a><\/p>\n<p><a href=\"http:\/\/podlasie24.pl\/miasto-siedlce\/kosciol\/spotkanie-z-dr.-tadeuszem-wasilewskim-1a025.html\" target=\"_blank\">Spotkanie z dr. Tadeuszem Wasilewskim<\/a><\/p>\n<p><a href=\"http:\/\/podlasie24.pl\/kraj\/kosciol\/dzisiaj-kolejny-wyklad-organizowany-przez-bractwo-sw.-judy-tadeusza-1c62b.html\" target=\"_blank\">Dzisiaj kolejny wyk\u0142ad organizowany przez Bractwo \u015bw. Judy Tadeusza<\/a><\/p>\n<p><a href=\"http:\/\/podlasie24.pl\/miasto-siedlce\/kosciol\/chrzest-mieszka-i--fakt-i-jego-znaczenie.-kolejne-spotkanie-w-klo--1ada9.html\" target=\"_blank\">Chrzest Mieszka I \u2013 fakt i jego znaczenie. Kolejne spotkanie w KLO<\/a><\/p>\n<p><a href=\"http:\/\/podlasie24.pl\/miasto-siedlce\/kosciol\/krwawy-chrzest-podlasia.-co-wiemy-o-unitach-podlaskich---kolejny-wyklad-bractwa-sw.-judy-tadeusza-1b188.html\" target=\"_blank\">\u201eKrwawy chrzest Podlasia. Co wiemy o Unitach Podlaskich&#8221; &#8211; kolejny wyk\u0142ad Bractwa \u015bw. Judy Tadeusza<\/a><\/p>\n<p><a href=\"http:\/\/podlasie24.pl\/\/miasto-siedlce\/kosciol\/kolejne-spotkanie-organizowane-przez-bractwo-swietego-judy-tadeusza-1c048.html\" target=\"_blank\">Kolejne spotkanie organizowane przez Bractwo \u015bwi\u0119tego Judy Tadeusza<\/a><\/p>\n<p><a href=\"http:\/\/www.podlasie24.pl\/miasto-siedlce\/kosciol\/kolejne-spotkanie-organizowane-przez-bractwo-swietego-judy-tadeusza-1c048.html\" target=\"_blank\">Kolejne spotkanie organizowane przez Bractwo \u015bwi\u0119tego Judy Tadeusza<\/a><\/p>\n<p><a href=\"http:\/\/www.podlasie24.pl\/miasto-siedlce\/kosciol\/ks.-prof.-tadeusz-krahel-gosciem-kolejnego-spotkania-z-cyklu-zwiazanego-z-1050.-rocznica-chrztu-polski-1c491.html\" target=\"_blank\">Ks. prof. Tadeusz Krahel go\u015bciem kolejnego spotkania z cyklu zwi\u0105zanego z 1050. rocznic\u0105 Chrztu Polski<\/a><\/p>\n","protected":false},"excerpt":{"rendered":"<p>Fundacja wspiera\u0142a organizacyjnie cykl spotka\u0144 z racji jubileuszu 1050. rocznicy Chrztu Polski. Od 29 stycznia 2015 w ka\u017cdy kolejny ostatni czwartek miesi\u0105ca w auli Katolickim Liceum Og\u00f3lnokszta\u0142c\u0105cym imienia \u015awi\u0119tej Rodziny w Siedlcach we wsp\u00f3\u0142pracy z Bractwem \u015awi\u0119tego Judy Tadeusza organizowane by\u0142y otwarte dla publiczno\u015bci, transmitowane przez Katolickie Radio Podlasie, wyk\u0142ady po\u015bwi\u0119cone historii pocz\u0105tk\u00f3w pa\u0144stwa polskiego [&hellip;]<\/p>\n","protected":false},"author":1,"featured_media":404,"comment_status":"closed","ping_status":"closed","sticky":false,"template":"","format":"standard","meta":{"ngg_post_thumbnail":0},"categories":[1],"tags":[],"_links":{"self":[{"href":"https:\/\/fundacja.radiopodlasie.pl\/index.php?rest_route=\/wp\/v2\/posts\/393"}],"collection":[{"href":"https:\/\/fundacja.radiopodlasie.pl\/index.php?rest_route=\/wp\/v2\/posts"}],"about":[{"href":"https:\/\/fundacja.radiopodlasie.pl\/index.php?rest_route=\/wp\/v2\/types\/post"}],"author":[{"embeddable":true,"href":"https:\/\/fundacja.radiopodlasie.pl\/index.php?rest_route=\/wp\/v2\/users\/1"}],"replies":[{"embeddable":true,"href":"https:\/\/fundacja.radiopodlasie.pl\/index.php?rest_route=%2Fwp%2Fv2%2Fcomments&post=393"}],"version-history":[{"count":1,"href":"https:\/\/fundacja.radiopodlasie.pl\/index.php?rest_route=\/wp\/v2\/posts\/393\/revisions"}],"predecessor-version":[{"id":394,"href":"https:\/\/fundacja.radiopodlasie.pl\/index.php?rest_route=\/wp\/v2\/posts\/393\/revisions\/394"}],"wp:featuredmedia":[{"embeddable":true,"href":"https:\/\/fundacja.radiopodlasie.pl\/index.php?rest_route=\/wp\/v2\/media\/404"}],"wp:attachment":[{"href":"https:\/\/fundacja.radiopodlasie.pl\/index.php?rest_route=%2Fwp%2Fv2%2Fmedia&parent=393"}],"wp:term":[{"taxonomy":"category","embeddable":true,"href":"https:\/\/fundacja.radiopodlasie.pl\/index.php?rest_route=%2Fwp%2Fv2%2Fcategories&post=393"},{"taxonomy":"post_tag","embeddable":true,"href":"https:\/\/fundacja.radiopodlasie.pl\/index.php?rest_route=%2Fwp%2Fv2%2Ftags&post=393"}],"curies":[{"name":"wp","href":"https:\/\/api.w.org\/{rel}","templated":true}]}}