{"id":40,"date":"2011-09-30T17:06:51","date_gmt":"2011-09-30T15:06:51","guid":{"rendered":"http:\/\/fundacja.radiopodlasie.pl\/?p=40"},"modified":"2013-03-21T14:40:07","modified_gmt":"2013-03-21T13:40:07","slug":"porozmawiajmy-o-bialej-podlaskiej-debata","status":"publish","type":"post","link":"https:\/\/fundacja.radiopodlasie.pl\/?p=40","title":{"rendered":"\u201ePorozmawiajmy o Bia\u0142ej Podlaskiej\u201d &#8211; debata"},"content":{"rendered":"<p><b>30 wrze\u015bnia 2011 roku<\/b> \u2013 Fundacja zorganizowa\u0142a debat\u0119 pt.: \u201ePorozmawiajmy o Bia\u0142ej Podlaskiej\u201d .<\/p>\n<p>Tematem by\u0142y problemy Bia\u0142ej Podlaskiej i sprawy zwi\u0105zane z tym miastem oraz z powiatem bialskim. Uczestnikami debaty byli Przemys\u0142aw Litwiniuk \u2013 radny powiatu bialskiego, pose\u0142 PiS Adam Abramowicz i pose\u0142 PO Stanis\u0142aw \u017bmijan.<\/p>\n<hr \/>\n<p><strong>ZOBACZ:<\/strong><br \/>\n<a href=\"http:\/\/podlasie24.pl\/wiadomosci\/biala-podlaska\/debata-przedwyborcza-na-antenie-katolickiego-radia-podlasie-7de4.html\">Debata przedwyborcza na antenie Katolickiego Radia Podlasie<\/a><\/p>\n","protected":false},"excerpt":{"rendered":"<p>30 wrze\u015bnia 2011 roku \u2013 Fundacja zorganizowa\u0142a debat\u0119 pt.: \u201ePorozmawiajmy o Bia\u0142ej Podlaskiej\u201d . Tematem by\u0142y problemy Bia\u0142ej Podlaskiej i sprawy zwi\u0105zane z tym miastem oraz z powiatem bialskim. Uczestnikami debaty byli Przemys\u0142aw Litwiniuk \u2013 radny powiatu bialskiego, pose\u0142 PiS Adam Abramowicz i pose\u0142 PO Stanis\u0142aw \u017bmijan. ZOBACZ: Debata przedwyborcza na antenie Katolickiego Radia Podlasie<\/p>\n","protected":false},"author":1,"featured_media":49,"comment_status":"open","ping_status":"open","sticky":false,"template":"","format":"standard","meta":{"ngg_post_thumbnail":0},"categories":[1],"tags":[],"_links":{"self":[{"href":"https:\/\/fundacja.radiopodlasie.pl\/index.php?rest_route=\/wp\/v2\/posts\/40"}],"collection":[{"href":"https:\/\/fundacja.radiopodlasie.pl\/index.php?rest_route=\/wp\/v2\/posts"}],"about":[{"href":"https:\/\/fundacja.radiopodlasie.pl\/index.php?rest_route=\/wp\/v2\/types\/post"}],"author":[{"embeddable":true,"href":"https:\/\/fundacja.radiopodlasie.pl\/index.php?rest_route=\/wp\/v2\/users\/1"}],"replies":[{"embeddable":true,"href":"https:\/\/fundacja.radiopodlasie.pl\/index.php?rest_route=%2Fwp%2Fv2%2Fcomments&post=40"}],"version-history":[{"count":5,"href":"https:\/\/fundacja.radiopodlasie.pl\/index.php?rest_route=\/wp\/v2\/posts\/40\/revisions"}],"predecessor-version":[{"id":98,"href":"https:\/\/fundacja.radiopodlasie.pl\/index.php?rest_route=\/wp\/v2\/posts\/40\/revisions\/98"}],"wp:featuredmedia":[{"embeddable":true,"href":"https:\/\/fundacja.radiopodlasie.pl\/index.php?rest_route=\/wp\/v2\/media\/49"}],"wp:attachment":[{"href":"https:\/\/fundacja.radiopodlasie.pl\/index.php?rest_route=%2Fwp%2Fv2%2Fmedia&parent=40"}],"wp:term":[{"taxonomy":"category","embeddable":true,"href":"https:\/\/fundacja.radiopodlasie.pl\/index.php?rest_route=%2Fwp%2Fv2%2Fcategories&post=40"},{"taxonomy":"post_tag","embeddable":true,"href":"https:\/\/fundacja.radiopodlasie.pl\/index.php?rest_route=%2Fwp%2Fv2%2Ftags&post=40"}],"curies":[{"name":"wp","href":"https:\/\/api.w.org\/{rel}","templated":true}]}}