{"id":405,"date":"2015-02-28T13:01:46","date_gmt":"2015-02-28T12:01:46","guid":{"rendered":"http:\/\/fundacja.radiopodlasie.pl\/?p=405"},"modified":"2016-08-19T13:02:42","modified_gmt":"2016-08-19T11:02:42","slug":"wielkopostny-wieczor-skupienia-w-siedlcach-2","status":"publish","type":"post","link":"https:\/\/fundacja.radiopodlasie.pl\/?p=405","title":{"rendered":"Wielkopostny Wiecz\u00f3r Skupienia w Siedlcach"},"content":{"rendered":"<p>Fundacja by\u0142a wsp\u00f3\u0142organizatorem wydarzenia pod nazw\u0105: \u201eWielkopostny Wiecz\u00f3r Skupienia w Siedlcach&#8221;. Spotkanie odby\u0142o si\u0119 27 lutego 2015 roku w gmachu Wy\u017cszego Seminarium Duchownego diecezji Siedleckiej w Opolu Nowym. Organizatorzy to Katolickie Radio Podlasie, Bractwo \u015bw. Judy Tadeusza i Fundacja Podlaskie Centrum Radiowe. Na spotkanie, przybyli przyjaciele fundacji i s\u0142uchacze diecezjalnej rozg\u0142o\u015bni.<\/p>\n","protected":false},"excerpt":{"rendered":"<p>Fundacja by\u0142a wsp\u00f3\u0142organizatorem wydarzenia pod nazw\u0105: \u201eWielkopostny Wiecz\u00f3r Skupienia w Siedlcach&#8221;. Spotkanie odby\u0142o si\u0119 27 lutego 2015 roku w gmachu Wy\u017cszego Seminarium Duchownego diecezji Siedleckiej w Opolu Nowym. Organizatorzy to Katolickie Radio Podlasie, Bractwo \u015bw. Judy Tadeusza i Fundacja Podlaskie Centrum Radiowe. Na spotkanie, przybyli przyjaciele fundacji i s\u0142uchacze diecezjalnej rozg\u0142o\u015bni.<\/p>\n","protected":false},"author":1,"featured_media":406,"comment_status":"closed","ping_status":"closed","sticky":false,"template":"","format":"standard","meta":{"ngg_post_thumbnail":0},"categories":[1],"tags":[],"_links":{"self":[{"href":"https:\/\/fundacja.radiopodlasie.pl\/index.php?rest_route=\/wp\/v2\/posts\/405"}],"collection":[{"href":"https:\/\/fundacja.radiopodlasie.pl\/index.php?rest_route=\/wp\/v2\/posts"}],"about":[{"href":"https:\/\/fundacja.radiopodlasie.pl\/index.php?rest_route=\/wp\/v2\/types\/post"}],"author":[{"embeddable":true,"href":"https:\/\/fundacja.radiopodlasie.pl\/index.php?rest_route=\/wp\/v2\/users\/1"}],"replies":[{"embeddable":true,"href":"https:\/\/fundacja.radiopodlasie.pl\/index.php?rest_route=%2Fwp%2Fv2%2Fcomments&post=405"}],"version-history":[{"count":1,"href":"https:\/\/fundacja.radiopodlasie.pl\/index.php?rest_route=\/wp\/v2\/posts\/405\/revisions"}],"predecessor-version":[{"id":407,"href":"https:\/\/fundacja.radiopodlasie.pl\/index.php?rest_route=\/wp\/v2\/posts\/405\/revisions\/407"}],"wp:featuredmedia":[{"embeddable":true,"href":"https:\/\/fundacja.radiopodlasie.pl\/index.php?rest_route=\/wp\/v2\/media\/406"}],"wp:attachment":[{"href":"https:\/\/fundacja.radiopodlasie.pl\/index.php?rest_route=%2Fwp%2Fv2%2Fmedia&parent=405"}],"wp:term":[{"taxonomy":"category","embeddable":true,"href":"https:\/\/fundacja.radiopodlasie.pl\/index.php?rest_route=%2Fwp%2Fv2%2Fcategories&post=405"},{"taxonomy":"post_tag","embeddable":true,"href":"https:\/\/fundacja.radiopodlasie.pl\/index.php?rest_route=%2Fwp%2Fv2%2Ftags&post=405"}],"curies":[{"name":"wp","href":"https:\/\/api.w.org\/{rel}","templated":true}]}}