{"id":408,"date":"2015-06-24T13:02:52","date_gmt":"2015-06-24T11:02:52","guid":{"rendered":"http:\/\/fundacja.radiopodlasie.pl\/?p=408"},"modified":"2016-08-19T13:06:10","modified_gmt":"2016-08-19T11:06:10","slug":"dzien-otwartych-drzwi-w-katolickim-radiu-podlasie-3","status":"publish","type":"post","link":"https:\/\/fundacja.radiopodlasie.pl\/?p=408","title":{"rendered":"\u201eDzie\u0144 Otwartych Drzwi w Katolickim Radiu Podlasie&#8221;."},"content":{"rendered":"<p>Grupa 700 os\u00f3b odwiedzi\u0142a 23 czerwca 2015 roku Katolickie Radio Podlasie w jego g\u0142\u00f3wnej siedzibie przy ul. Biskupa I. \u015awirskiego 56 w Siedlcach. By\u0142a to doskona\u0142a okazja, aby sprawdzi\u0107 jak naprawd\u0119 wygl\u0105da praca w radiu, a tak\u017ce zobaczy\u0107 nowe studio i powiedzie\u0107 kilka s\u0142\u00f3w do mikrofonu. Odwiedzaj\u0105cy mieli szans\u0119 porozmawia\u0107 ze swoimi ulubionymi prowadz\u0105cymi, dzielili si\u0119 uwagami dotycz\u0105cymi radiowego programu, m\u00f3wili o swoich ulubionych audycjach.<\/p>\n<p>ZOBACZ:<\/p>\n<p><a href=\"http:\/\/podlasie24.pl\/miasto-siedlce\/kosciol\/dzien-otwartych-drzwi-2015-w-katolickim-radiu-podlasie-\/podsumowanie\/-181b5.htmlhttp:\/\/\" target=\"_blank\">Dzie\u0144 Otwartych Drzwi 2015 w Katolickim Radiu Podlasie \/PODSUMOWANIE\/<\/a><\/p>\n","protected":false},"excerpt":{"rendered":"<p>Grupa 700 os\u00f3b odwiedzi\u0142a 23 czerwca 2015 roku Katolickie Radio Podlasie w jego g\u0142\u00f3wnej siedzibie przy ul. Biskupa I. \u015awirskiego 56 w Siedlcach. By\u0142a to doskona\u0142a okazja, aby sprawdzi\u0107 jak naprawd\u0119 wygl\u0105da praca w radiu, a tak\u017ce zobaczy\u0107 nowe studio i powiedzie\u0107 kilka s\u0142\u00f3w do mikrofonu. Odwiedzaj\u0105cy mieli szans\u0119 porozmawia\u0107 ze swoimi ulubionymi prowadz\u0105cymi, dzielili [&hellip;]<\/p>\n","protected":false},"author":1,"featured_media":409,"comment_status":"closed","ping_status":"closed","sticky":false,"template":"","format":"standard","meta":{"ngg_post_thumbnail":0},"categories":[1],"tags":[],"_links":{"self":[{"href":"https:\/\/fundacja.radiopodlasie.pl\/index.php?rest_route=\/wp\/v2\/posts\/408"}],"collection":[{"href":"https:\/\/fundacja.radiopodlasie.pl\/index.php?rest_route=\/wp\/v2\/posts"}],"about":[{"href":"https:\/\/fundacja.radiopodlasie.pl\/index.php?rest_route=\/wp\/v2\/types\/post"}],"author":[{"embeddable":true,"href":"https:\/\/fundacja.radiopodlasie.pl\/index.php?rest_route=\/wp\/v2\/users\/1"}],"replies":[{"embeddable":true,"href":"https:\/\/fundacja.radiopodlasie.pl\/index.php?rest_route=%2Fwp%2Fv2%2Fcomments&post=408"}],"version-history":[{"count":1,"href":"https:\/\/fundacja.radiopodlasie.pl\/index.php?rest_route=\/wp\/v2\/posts\/408\/revisions"}],"predecessor-version":[{"id":410,"href":"https:\/\/fundacja.radiopodlasie.pl\/index.php?rest_route=\/wp\/v2\/posts\/408\/revisions\/410"}],"wp:featuredmedia":[{"embeddable":true,"href":"https:\/\/fundacja.radiopodlasie.pl\/index.php?rest_route=\/wp\/v2\/media\/409"}],"wp:attachment":[{"href":"https:\/\/fundacja.radiopodlasie.pl\/index.php?rest_route=%2Fwp%2Fv2%2Fmedia&parent=408"}],"wp:term":[{"taxonomy":"category","embeddable":true,"href":"https:\/\/fundacja.radiopodlasie.pl\/index.php?rest_route=%2Fwp%2Fv2%2Fcategories&post=408"},{"taxonomy":"post_tag","embeddable":true,"href":"https:\/\/fundacja.radiopodlasie.pl\/index.php?rest_route=%2Fwp%2Fv2%2Ftags&post=408"}],"curies":[{"name":"wp","href":"https:\/\/api.w.org\/{rel}","templated":true}]}}