{"id":411,"date":"2015-06-30T13:08:30","date_gmt":"2015-06-30T11:08:30","guid":{"rendered":"http:\/\/fundacja.radiopodlasie.pl\/?p=411"},"modified":"2016-08-19T13:11:39","modified_gmt":"2016-08-19T11:11:39","slug":"23-lata-krp","status":"publish","type":"post","link":"https:\/\/fundacja.radiopodlasie.pl\/?p=411","title":{"rendered":"23 lata KRP"},"content":{"rendered":"<p>Fundacja Podlaskie Centrum Radiowe wsp\u00f3\u0142organizowa\u0142a obchody rocznicy Katolickiego Radia Podlasie w Pratulinie. 28 czerwca w Sanktuarium B\u0142ogos\u0142awionych M\u0119czennik\u00f3w Podlaskich odby\u0142y si\u0119 obchody 23. rocznicy powstania Katolickiego Radia Podlasie. Uroczysto\u015bciom jubileuszowym towarzyszy\u0142 Diecezjalny Dzie\u0144 \u015awiadectwa Wiary oraz VI Pielgrzymka Samorz\u0105d\u00f3w i Samorz\u0105dowc\u00f3w.<\/p>\n<p>ZOBACZ:<\/p>\n<p><a href=\"http:\/\/podlasie24.pl\/powiat-bialski\/kosciol\/pratulin-radio-podlasie-swietowalo-ze-sluchaczami-18314.html\" target=\"_blank\">Pratulin: Radio Podlasie \u015bwi\u0119towa\u0142o ze s\u0142uchaczami<\/a><\/p>\n","protected":false},"excerpt":{"rendered":"<p>Fundacja Podlaskie Centrum Radiowe wsp\u00f3\u0142organizowa\u0142a obchody rocznicy Katolickiego Radia Podlasie w Pratulinie. 28 czerwca w Sanktuarium B\u0142ogos\u0142awionych M\u0119czennik\u00f3w Podlaskich odby\u0142y si\u0119 obchody 23. rocznicy powstania Katolickiego Radia Podlasie. Uroczysto\u015bciom jubileuszowym towarzyszy\u0142 Diecezjalny Dzie\u0144 \u015awiadectwa Wiary oraz VI Pielgrzymka Samorz\u0105d\u00f3w i Samorz\u0105dowc\u00f3w. ZOBACZ: Pratulin: Radio Podlasie \u015bwi\u0119towa\u0142o ze s\u0142uchaczami<\/p>\n","protected":false},"author":1,"featured_media":412,"comment_status":"closed","ping_status":"closed","sticky":false,"template":"","format":"standard","meta":{"ngg_post_thumbnail":0},"categories":[1],"tags":[],"_links":{"self":[{"href":"https:\/\/fundacja.radiopodlasie.pl\/index.php?rest_route=\/wp\/v2\/posts\/411"}],"collection":[{"href":"https:\/\/fundacja.radiopodlasie.pl\/index.php?rest_route=\/wp\/v2\/posts"}],"about":[{"href":"https:\/\/fundacja.radiopodlasie.pl\/index.php?rest_route=\/wp\/v2\/types\/post"}],"author":[{"embeddable":true,"href":"https:\/\/fundacja.radiopodlasie.pl\/index.php?rest_route=\/wp\/v2\/users\/1"}],"replies":[{"embeddable":true,"href":"https:\/\/fundacja.radiopodlasie.pl\/index.php?rest_route=%2Fwp%2Fv2%2Fcomments&post=411"}],"version-history":[{"count":1,"href":"https:\/\/fundacja.radiopodlasie.pl\/index.php?rest_route=\/wp\/v2\/posts\/411\/revisions"}],"predecessor-version":[{"id":413,"href":"https:\/\/fundacja.radiopodlasie.pl\/index.php?rest_route=\/wp\/v2\/posts\/411\/revisions\/413"}],"wp:featuredmedia":[{"embeddable":true,"href":"https:\/\/fundacja.radiopodlasie.pl\/index.php?rest_route=\/wp\/v2\/media\/412"}],"wp:attachment":[{"href":"https:\/\/fundacja.radiopodlasie.pl\/index.php?rest_route=%2Fwp%2Fv2%2Fmedia&parent=411"}],"wp:term":[{"taxonomy":"category","embeddable":true,"href":"https:\/\/fundacja.radiopodlasie.pl\/index.php?rest_route=%2Fwp%2Fv2%2Fcategories&post=411"},{"taxonomy":"post_tag","embeddable":true,"href":"https:\/\/fundacja.radiopodlasie.pl\/index.php?rest_route=%2Fwp%2Fv2%2Ftags&post=411"}],"curies":[{"name":"wp","href":"https:\/\/api.w.org\/{rel}","templated":true}]}}