{"id":414,"date":"2015-08-16T13:16:44","date_gmt":"2015-08-16T11:16:44","guid":{"rendered":"http:\/\/fundacja.radiopodlasie.pl\/?p=414"},"modified":"2016-08-19T13:21:29","modified_gmt":"2016-08-19T11:21:29","slug":"xxxv-piesza-pielgrzymka-podlaska-i-xxv-piesza-pielgrzymka-drohiczynska-na-jasna-gore","status":"publish","type":"post","link":"https:\/\/fundacja.radiopodlasie.pl\/?p=414","title":{"rendered":"XXXV Piesza Pielgrzymka Podlaska i XXV Piesza Pielgrzymka Drohiczy\u0144ska na Jasn\u0105 G\u00f3r\u0119"},"content":{"rendered":"<p>Fundacja Podlaskie Centrum Radiowe udzieli\u0142a wsparcia medialnego podczas XXXV Pieszej Pielgrzymki Podlaskiej i XXV Pieszej Pielgrzymki Drohiczy\u0144skiej na Jasn\u0105 G\u00f3r\u0119. W 35. Pieszej Pielgrzymce Podlaskiej na Jasn\u0105 G\u00f3r\u0119 uczestniczy\u0142o oko\u0142o 3,6 tys. P\u0105tnik\u00f3w, a w 25. Drohiczy\u0144skiej Pieszej Pielgrzymce na Jasn\u0105 G\u00f3r\u0119 grupa niespe\u0142na tysi\u0105ca. Katolickie Radio Podlasie przy wsparciu Fundacji Podlaskie Centrum Radiowe zorganizowa\u0142o medialn\u0105 obs\u0142ug\u0119 Pieszej Pielgrzymki Podlaskiej i Pieszej Pielgrzymki Drohiczy\u0144skiej. Od samego pocz\u0105tku Pielgrzymki, p\u0105tnikom w ich w\u0119dr\u00f3wce towarzyszy\u0142w\u00f3z transmisyjny KRP, z tr\u00f3jk\u0105 cz\u0142onk\u00f3w zespo\u0142u radiowego. Dzi\u0119ki jego mo\u017cliwo\u015bciom technicznym, mo\u017cliwe by\u0142o relacjonowanie wszystkich etap\u00f3w drogi Jasn\u0105 G\u00f3r\u0119. Na antenie Katolickiego Radia Podlasie codziennie mo\u017cna by\u0142o us\u0142ysze\u0107 relacje z trasy a na stronie podlasie24.pl ogl\u0105da\u0107 zdj\u0119cia z pielgrzymiego szlaku.<\/p>\n<p>ZOBACZ:<\/p>\n<p><a href=\"http:\/\/podlasie24.pl\/miasto-siedlce\/pielgrzymka-2015\/35.-piesza-pielgrzymka-podlaska---podsumowanie-189d2.html\" target=\"_blank\">35. PIESZA PIELGRZYMKA PODLASKA &#8211; PODSUMOWANIE<\/a><\/p>\n<p><a href=\"http:\/\/podlasie24.pl\/drohiczyn\/pielgrzymka-2015\/25.-piesza-pielgrzymka-drohiczynska---podsumowanie-189d4.html\" target=\"_blank\">25. PIESZA PIELGRZYMKA DROHICZY\u0143SKA &#8211; PODSUMOWANIE<\/a><\/p>\n","protected":false},"excerpt":{"rendered":"<p>Fundacja Podlaskie Centrum Radiowe udzieli\u0142a wsparcia medialnego podczas XXXV Pieszej Pielgrzymki Podlaskiej i XXV Pieszej Pielgrzymki Drohiczy\u0144skiej na Jasn\u0105 G\u00f3r\u0119. W 35. Pieszej Pielgrzymce Podlaskiej na Jasn\u0105 G\u00f3r\u0119 uczestniczy\u0142o oko\u0142o 3,6 tys. P\u0105tnik\u00f3w, a w 25. Drohiczy\u0144skiej Pieszej Pielgrzymce na Jasn\u0105 G\u00f3r\u0119 grupa niespe\u0142na tysi\u0105ca. Katolickie Radio Podlasie przy wsparciu Fundacji Podlaskie Centrum Radiowe zorganizowa\u0142o [&hellip;]<\/p>\n","protected":false},"author":1,"featured_media":415,"comment_status":"closed","ping_status":"closed","sticky":false,"template":"","format":"standard","meta":{"ngg_post_thumbnail":0},"categories":[1],"tags":[],"_links":{"self":[{"href":"https:\/\/fundacja.radiopodlasie.pl\/index.php?rest_route=\/wp\/v2\/posts\/414"}],"collection":[{"href":"https:\/\/fundacja.radiopodlasie.pl\/index.php?rest_route=\/wp\/v2\/posts"}],"about":[{"href":"https:\/\/fundacja.radiopodlasie.pl\/index.php?rest_route=\/wp\/v2\/types\/post"}],"author":[{"embeddable":true,"href":"https:\/\/fundacja.radiopodlasie.pl\/index.php?rest_route=\/wp\/v2\/users\/1"}],"replies":[{"embeddable":true,"href":"https:\/\/fundacja.radiopodlasie.pl\/index.php?rest_route=%2Fwp%2Fv2%2Fcomments&post=414"}],"version-history":[{"count":1,"href":"https:\/\/fundacja.radiopodlasie.pl\/index.php?rest_route=\/wp\/v2\/posts\/414\/revisions"}],"predecessor-version":[{"id":416,"href":"https:\/\/fundacja.radiopodlasie.pl\/index.php?rest_route=\/wp\/v2\/posts\/414\/revisions\/416"}],"wp:featuredmedia":[{"embeddable":true,"href":"https:\/\/fundacja.radiopodlasie.pl\/index.php?rest_route=\/wp\/v2\/media\/415"}],"wp:attachment":[{"href":"https:\/\/fundacja.radiopodlasie.pl\/index.php?rest_route=%2Fwp%2Fv2%2Fmedia&parent=414"}],"wp:term":[{"taxonomy":"category","embeddable":true,"href":"https:\/\/fundacja.radiopodlasie.pl\/index.php?rest_route=%2Fwp%2Fv2%2Fcategories&post=414"},{"taxonomy":"post_tag","embeddable":true,"href":"https:\/\/fundacja.radiopodlasie.pl\/index.php?rest_route=%2Fwp%2Fv2%2Ftags&post=414"}],"curies":[{"name":"wp","href":"https:\/\/api.w.org\/{rel}","templated":true}]}}