{"id":431,"date":"2017-09-12T18:44:50","date_gmt":"2017-09-12T16:44:50","guid":{"rendered":"http:\/\/fundacja.radiopodlasie.pl\/?p=431"},"modified":"2018-01-17T10:56:45","modified_gmt":"2018-01-17T09:56:45","slug":"bezplatne-badania-sluchu-w-garwolinie-i-gorznie","status":"publish","type":"post","link":"https:\/\/fundacja.radiopodlasie.pl\/?p=431","title":{"rendered":"Bezp\u0142atne badania s\u0142uchu w Garwolinie i G\u00f3rznie"},"content":{"rendered":"<p>W najbli\u017csz\u0105 niedziel\u0119, 17 wrze\u015bnia w Garwolinie i G\u00f3rznie b\u0119dzie mo\u017cna bezp\u0142atnie przebada\u0107 s\u0142uch. Badania profilaktyczne s\u0142uchu organizuj\u0105: \u015awiatowe Centrum S\u0142uchu Instytutu Fizjologii i Patologii S\u0142uchu w Kajetanach, Fundacja Podlaskie Centrum Radiowe i Katolickie Radio Podlasie, pod patronatem Marsza\u0142ek Senatu Marii Koc.<\/p>\n<p>Wsp\u00f3\u0142organizatorami bada\u0144, s\u0105 te\u017c W\u00f3jt Gminy Garwolin oraz W\u00f3jt Gminy G\u00f3rzno.<\/p>\n<p>Badania b\u0119d\u0105 przeprowadzone <strong><span style=\"color: #000080;\">w niedziel\u0119, 17 wrze\u015bnia <\/span><\/strong>na placach <strong><span style=\"color: #000080;\">przy Urz\u0119dach Gmin w\u00a0 G\u00f3rznie i Garwolinie w godzinach od 9.00 do 14.00. <\/span><\/strong><\/p>\n<p>Z bada\u0144 mo\u017ce skorzysta\u0107 ka\u017cdy ch\u0119tny. Nale\u017cy jedynie mie\u0107 ze sob\u0105 dokument to\u017csamo\u015bci.<\/p>\n<p>Wi\u0119cej o <u>\u015awiatowym Centrum S\u0142uchu Instytutu Fizjologii i Patologii S\u0142uchu w Kajetanach<\/u> mo\u017cna przeczyta\u0107 <a href=\"https:\/\/whc.ifps.org.pl\/\"><strong><span style=\"color: #ff0000;\">TUTAJ<\/span><\/strong><\/a><\/p>\n<p><img decoding=\"async\" loading=\"lazy\" src=\"http:\/\/podlasie24.pl\/upl\/Baner_Garwolin_na strone www.jpg\" alt=\"\" width=\"600\" height=\"335\" \/><\/p>\n<p><img decoding=\"async\" loading=\"lazy\" src=\"http:\/\/podlasie24.pl\/upl\/Baner_Gorzno_na strone www.jpg\" alt=\"\" width=\"600\" height=\"335\" \/><\/p>\n<p>E\u0141<\/p>\n","protected":false},"excerpt":{"rendered":"<p>W najbli\u017csz\u0105 niedziel\u0119, 17 wrze\u015bnia w Garwolinie i G\u00f3rznie b\u0119dzie mo\u017cna bezp\u0142atnie przebada\u0107 s\u0142uch. Badania profilaktyczne s\u0142uchu organizuj\u0105: \u015awiatowe Centrum S\u0142uchu Instytutu Fizjologii i Patologii S\u0142uchu w Kajetanach, Fundacja Podlaskie Centrum Radiowe i Katolickie Radio Podlasie, pod patronatem Marsza\u0142ek Senatu Marii Koc. Wsp\u00f3\u0142organizatorami bada\u0144, s\u0105 te\u017c W\u00f3jt Gminy Garwolin oraz W\u00f3jt Gminy G\u00f3rzno. Badania b\u0119d\u0105 [&hellip;]<\/p>\n","protected":false},"author":1,"featured_media":432,"comment_status":"closed","ping_status":"closed","sticky":false,"template":"","format":"standard","meta":{"ngg_post_thumbnail":0},"categories":[3],"tags":[],"_links":{"self":[{"href":"https:\/\/fundacja.radiopodlasie.pl\/index.php?rest_route=\/wp\/v2\/posts\/431"}],"collection":[{"href":"https:\/\/fundacja.radiopodlasie.pl\/index.php?rest_route=\/wp\/v2\/posts"}],"about":[{"href":"https:\/\/fundacja.radiopodlasie.pl\/index.php?rest_route=\/wp\/v2\/types\/post"}],"author":[{"embeddable":true,"href":"https:\/\/fundacja.radiopodlasie.pl\/index.php?rest_route=\/wp\/v2\/users\/1"}],"replies":[{"embeddable":true,"href":"https:\/\/fundacja.radiopodlasie.pl\/index.php?rest_route=%2Fwp%2Fv2%2Fcomments&post=431"}],"version-history":[{"count":2,"href":"https:\/\/fundacja.radiopodlasie.pl\/index.php?rest_route=\/wp\/v2\/posts\/431\/revisions"}],"predecessor-version":[{"id":479,"href":"https:\/\/fundacja.radiopodlasie.pl\/index.php?rest_route=\/wp\/v2\/posts\/431\/revisions\/479"}],"wp:featuredmedia":[{"embeddable":true,"href":"https:\/\/fundacja.radiopodlasie.pl\/index.php?rest_route=\/wp\/v2\/media\/432"}],"wp:attachment":[{"href":"https:\/\/fundacja.radiopodlasie.pl\/index.php?rest_route=%2Fwp%2Fv2%2Fmedia&parent=431"}],"wp:term":[{"taxonomy":"category","embeddable":true,"href":"https:\/\/fundacja.radiopodlasie.pl\/index.php?rest_route=%2Fwp%2Fv2%2Fcategories&post=431"},{"taxonomy":"post_tag","embeddable":true,"href":"https:\/\/fundacja.radiopodlasie.pl\/index.php?rest_route=%2Fwp%2Fv2%2Ftags&post=431"}],"curies":[{"name":"wp","href":"https:\/\/api.w.org\/{rel}","templated":true}]}}