{"id":437,"date":"2018-01-10T13:18:51","date_gmt":"2018-01-10T12:18:51","guid":{"rendered":"http:\/\/fundacja.radiopodlasie.pl\/?p=437"},"modified":"2018-01-17T10:09:51","modified_gmt":"2018-01-17T09:09:51","slug":"spotkanie-noworoczne-w-opolu-nowym-8-stycznia-2018-r","status":"publish","type":"post","link":"https:\/\/fundacja.radiopodlasie.pl\/?p=437","title":{"rendered":"Spotkanie Noworoczne w Opolu Nowym, 8. stycznia 2018 r."},"content":{"rendered":"<p>Fundacja Podlaskie Centrum Radiowe by\u0142a wsp\u00f3\u0142organizatorem spotkania samorz\u0105dowc\u00f3w, polityk\u00f3w i przedsi\u0119biorc\u00f3w zaanga\u017cowanych w rozw\u00f3j naszego regionu oraz przyjaci\u00f3\u0142 Katolickiego Radia Podlasie. 8 stycznia ponad 100 os\u00f3b zebra\u0142o si\u0119 w auli Wy\u017cszego Seminarium Duchownego w Opolu Nowym by podzieli\u0107 si\u0119 op\u0142atkiem, podsumowa\u0107 miniony rok, pos\u0142ucha\u0107 kr\u00f3tkich wyk\u0142ad\u00f3w i wyst\u0105pie\u0144. <a href=\"http:\/\/fundacja.radiopodlasie.pl\/wp-content\/uploads\/2018\/01\/P1120143.jpg\"><img decoding=\"async\" loading=\"lazy\" class=\"alignnone size-medium wp-image-438\" src=\"http:\/\/fundacja.radiopodlasie.pl\/wp-content\/uploads\/2018\/01\/P1120143-300x205.jpg\" alt=\"\" width=\"300\" height=\"205\" srcset=\"https:\/\/fundacja.radiopodlasie.pl\/wp-content\/uploads\/2018\/01\/P1120143-300x205.jpg 300w, https:\/\/fundacja.radiopodlasie.pl\/wp-content\/uploads\/2018\/01\/P1120143-768x524.jpg 768w, https:\/\/fundacja.radiopodlasie.pl\/wp-content\/uploads\/2018\/01\/P1120143.jpg 782w\" sizes=\"(max-width: 300px) 100vw, 300px\" \/><\/a><\/p>\n<p>G\u0142\u00f3wnym konferansjerem wydarzenia by\u0142a Natalia Bala-G\u0105secka, na co dzie\u0144 reporter KRP z W\u0119growa. Uroczysto\u015b\u0107 otworzy\u0142 ks. Andrzej Sochal dzi\u0119kuj\u0105c zebranym za wsp\u00f3\u0142prac\u0119 w minionym roku, a szczeg\u00f3lnie za wsparcie obchod\u00f3w 25 rocznicy dzia\u0142alno\u015bci Katolickiego Radia Podlasie. Z kr\u00f3tkim wyk\u0142adem na temat roli i odpowiedzialno\u015bci chrze\u015bcijanina w \u017cyciu politycznym i spo\u0142ecznym wyst\u0105pi\u0142 publicysta tygodnika &#8222;Niedziela&#8221;, Grzegorz Polak. Czerpi\u0105c z\u00a0 nauki \u015bw. Jana Paw\u0142a II i prymasa Stefana Wyszy\u0144skiego przypomnia\u0142, \u017ce w rozumieniu chrze\u015bcija\u0144skim polityka to nie &#8222;technologia zdobywania i utrwalania w\u0142adzy&#8221; lecz przede wszystkim s\u0142u\u017cba w celu utrwalania i pomna\u017cania wsp\u00f3lnego dobra.<\/p>\n<p><a href=\"http:\/\/fundacja.radiopodlasie.pl\/wp-content\/uploads\/2018\/01\/P1120182.jpg\"><img decoding=\"async\" loading=\"lazy\" class=\"alignnone size-medium wp-image-446\" src=\"http:\/\/fundacja.radiopodlasie.pl\/wp-content\/uploads\/2018\/01\/P1120182-300x169.jpg\" alt=\"\" width=\"300\" height=\"169\" srcset=\"https:\/\/fundacja.radiopodlasie.pl\/wp-content\/uploads\/2018\/01\/P1120182-300x169.jpg 300w, https:\/\/fundacja.radiopodlasie.pl\/wp-content\/uploads\/2018\/01\/P1120182-768x433.jpg 768w, https:\/\/fundacja.radiopodlasie.pl\/wp-content\/uploads\/2018\/01\/P1120182.jpg 1024w\" sizes=\"(max-width: 300px) 100vw, 300px\" \/><\/a><\/p>\n<p>Uroczyste wr\u0119czenie wpis\u00f3w do Z\u0142otej Ksi\u0119gi Dobrodziej\u00f3w Katolickiego Radia Podlasie poprowadzi\u0142 sekretarz KRP, ks. Dariusz Denisiuk, a pisemne potwierdzenia wr\u0119czy\u0142 dyrektor rozg\u0142o\u015bni ks. Andrzej Sochal. Do grona przyjaci\u00f3\u0142 wpisanych do Z\u0142otej Ksi\u0119gi do\u0142\u0105czyli: Tadeusz Mikulski (burmistrz miasta Garwolin), Zenon Stefanowski (w\u00f3jt gminy K\u0142oczew), Pawe\u0142 Bielecki (w\u0142a\u015bciciel SPA Eden \u0141uk\u00f3w), Beata i Dariusz Dombkowie ( w\u0142a\u015bciciele firmy Domtel Telecom), Krystyna i Dariusz Smuniewscy (w\u0142a\u015bciciele firmy DARGAZ w Soko\u0142owie Podlaskim i Lidia Sopel-Sereja (burmistrz miasta \u0141askarzew)<\/p>\n<p><a href=\"http:\/\/fundacja.radiopodlasie.pl\/wp-content\/uploads\/2018\/01\/DSC_0300.jpg\"><img decoding=\"async\" loading=\"lazy\" class=\"alignnone size-medium wp-image-448\" src=\"http:\/\/fundacja.radiopodlasie.pl\/wp-content\/uploads\/2018\/01\/DSC_0300-300x199.jpg\" alt=\"\" width=\"300\" height=\"199\" srcset=\"https:\/\/fundacja.radiopodlasie.pl\/wp-content\/uploads\/2018\/01\/DSC_0300-300x199.jpg 300w, https:\/\/fundacja.radiopodlasie.pl\/wp-content\/uploads\/2018\/01\/DSC_0300-768x509.jpg 768w, https:\/\/fundacja.radiopodlasie.pl\/wp-content\/uploads\/2018\/01\/DSC_0300.jpg 1024w\" sizes=\"(max-width: 300px) 100vw, 300px\" \/><\/a><\/p>\n<p>Szefowa Regionalnego Portalu Informacyjnego, Edyta \u0141ukaszewska poprowadzi\u0142a uroczysto\u015b\u0107 wr\u0119czenia ufundowanych przez Fundacj\u0119 PCR statuetek <strong>TOP REGIONU 2017<\/strong>. Statuetki wr\u0119cza\u0142 dyrektor Katolickiego Radia Podlasie ks. Andrzej Sochal.<\/p>\n<p><a href=\"http:\/\/fundacja.radiopodlasie.pl\/wp-content\/uploads\/2018\/01\/P1120231.jpg\"><img decoding=\"async\" loading=\"lazy\" class=\"alignnone size-medium wp-image-442\" src=\"http:\/\/fundacja.radiopodlasie.pl\/wp-content\/uploads\/2018\/01\/P1120231-300x169.jpg\" alt=\"\" width=\"300\" height=\"169\" srcset=\"https:\/\/fundacja.radiopodlasie.pl\/wp-content\/uploads\/2018\/01\/P1120231-300x169.jpg 300w, https:\/\/fundacja.radiopodlasie.pl\/wp-content\/uploads\/2018\/01\/P1120231-768x433.jpg 768w, https:\/\/fundacja.radiopodlasie.pl\/wp-content\/uploads\/2018\/01\/P1120231.jpg 1024w\" sizes=\"(max-width: 300px) 100vw, 300px\" \/><\/a><\/p>\n<p><strong>W kategorii<\/strong> <strong>Inwestycja ROKU 2017<\/strong> na pierwszym miejscu g\u0142osuj\u0105cy w plebiscycie umie\u015bcili wsp\u00f3ln\u0105 inwestycj\u0119 KBC Invest Sp. z o. o. oraz Centrum Medyczno-Diagnostycznego Sp. z o. o. w wyniku kt\u00f3rej w Krynce powsta\u0142, we wsp\u00f3\u0142pracy z Urz\u0119dem Gminy w \u0141ukowie, Zak\u0142ad Opieku\u0144czo-Leczniczy. Drugie miejsce zaj\u0119\u0142a Modernizacja P\u0142ywalni Letniej Delfin w \u0141ukowie, a w\u0142a\u015bciwie jej trzeci etap &#8211; basen du\u017cy wraz z atrakcjami wodnymi, inwestorami byli O\u015brodek Sportu i Rekreacji w \u0141ukowie oraz Urz\u0105d Miasta \u0141uk\u00f3w. Trzecie miejsce zaj\u0119\u0142a budowa hali sportowej z zapleczem oraz boiska wielofunkcyjnego z niezb\u0119dn\u0105 infrastruktur\u0105 techniczn\u0105 i zagospodarowanie terenu Gminy G\u00f3rzno w kt\u00f3rej inwestorem by\u0142 Urz\u0105d Gminy G\u00f3rzno.<\/p>\n<p><a href=\"http:\/\/fundacja.radiopodlasie.pl\/wp-content\/uploads\/2018\/01\/DSC_0307.jpg\"><img decoding=\"async\" loading=\"lazy\" class=\"alignnone size-medium wp-image-441\" src=\"http:\/\/fundacja.radiopodlasie.pl\/wp-content\/uploads\/2018\/01\/DSC_0307-300x199.jpg\" alt=\"\" width=\"300\" height=\"199\" srcset=\"https:\/\/fundacja.radiopodlasie.pl\/wp-content\/uploads\/2018\/01\/DSC_0307-300x199.jpg 300w, https:\/\/fundacja.radiopodlasie.pl\/wp-content\/uploads\/2018\/01\/DSC_0307-768x509.jpg 768w, https:\/\/fundacja.radiopodlasie.pl\/wp-content\/uploads\/2018\/01\/DSC_0307.jpg 1024w\" sizes=\"(max-width: 300px) 100vw, 300px\" \/><\/a><\/p>\n<p><strong>W kategorii Wydarzenie Kulturalne Roku 2017 w Regionie<\/strong> pierwsze miejsce zdoby\u0142o pozyskanie kart r\u0119kopisu \u201ePotopu\u201d przez Muzeum Henryka Sienkiewicza w Woli Okrzejskiej. Dyrektor Muzeum, Maciej Cybulski przywi\u00f3z\u0142 i zaprezentowa\u0142 niekt\u00f3re z kart r\u0119kopisu.<\/p>\n<p><a href=\"http:\/\/fundacja.radiopodlasie.pl\/wp-content\/uploads\/2018\/01\/DSC_0316.jpg\"><img decoding=\"async\" loading=\"lazy\" class=\"alignnone size-medium wp-image-444\" src=\"http:\/\/fundacja.radiopodlasie.pl\/wp-content\/uploads\/2018\/01\/DSC_0316-300x199.jpg\" alt=\"\" width=\"300\" height=\"199\" srcset=\"https:\/\/fundacja.radiopodlasie.pl\/wp-content\/uploads\/2018\/01\/DSC_0316-300x199.jpg 300w, https:\/\/fundacja.radiopodlasie.pl\/wp-content\/uploads\/2018\/01\/DSC_0316-768x509.jpg 768w, https:\/\/fundacja.radiopodlasie.pl\/wp-content\/uploads\/2018\/01\/DSC_0316.jpg 1024w\" sizes=\"(max-width: 300px) 100vw, 300px\" \/><\/a><\/p>\n<p>Drugie miejsce w plebiscycie uzyska\u0142a Garwoli\u0144ska Grupa Indeksacyjna, grupa zapale\u0144c\u00f3w i mi\u0142o\u015bnik\u00f3w historii, kt\u00f3ra od kilku lat prowadzi prace nad zindeksowaniem ksi\u0105g metrykalnych.<\/p>\n<p><a href=\"http:\/\/fundacja.radiopodlasie.pl\/wp-content\/uploads\/2018\/01\/P1120396.jpg\"><img decoding=\"async\" loading=\"lazy\" class=\"alignnone size-medium wp-image-443\" src=\"http:\/\/fundacja.radiopodlasie.pl\/wp-content\/uploads\/2018\/01\/P1120396-300x169.jpg\" alt=\"\" width=\"300\" height=\"169\" srcset=\"https:\/\/fundacja.radiopodlasie.pl\/wp-content\/uploads\/2018\/01\/P1120396-300x169.jpg 300w, https:\/\/fundacja.radiopodlasie.pl\/wp-content\/uploads\/2018\/01\/P1120396-768x433.jpg 768w, https:\/\/fundacja.radiopodlasie.pl\/wp-content\/uploads\/2018\/01\/P1120396.jpg 1024w\" sizes=\"(max-width: 300px) 100vw, 300px\" \/><\/a><\/p>\n<p>Trzecie miejsce decyzj\u0105 g\u0142osuj\u0105cych w plebiscycie zaj\u0105\u0142 II Przegl\u0105d Pie\u015bni Patriotycznych pt.: \u201e\u015apiewam Ci Polsko\u201d w Radomy\u015bli kt\u00f3rego organizatorami s\u0105: Stowarzyszenie Aktywno\u015bci Lokalnej \u201eRado\u015b\u0107\u201d i Zesp\u00f3\u0142 O\u015bwiatowy w Radomy\u015bli. Zesp\u00f3\u0142 zaprezentowa\u0142 kol\u0119dy i pie\u015bni patriotyczne podczas spotkania.<\/p>\n<p><strong>W kategorii Wydarzenie Sportowe Roku 2017<\/strong> najwi\u0119cej g\u0142os\u00f3w uzyska\u0142 X Mi\u0119dzynarodowy Turniej Pi\u0142ki No\u017cnej w \u0141ukowie\u00a0 Memoria\u0142 im. Antoniego Trybonia &#8211; &#8222;Gramy dla Tomka Trybonia&#8221;, kt\u00f3rego organizatorem jest \u0141ukowskie Stowarzyszenie Rozwoju Akademia M\u0142odego Pi\u0142karza AMPlus \u0141uk\u00f3w.<\/p>\n<p><a href=\"http:\/\/fundacja.radiopodlasie.pl\/wp-content\/uploads\/2018\/01\/DSC_0326.jpg\"><img decoding=\"async\" loading=\"lazy\" class=\"alignnone size-medium wp-image-449\" src=\"http:\/\/fundacja.radiopodlasie.pl\/wp-content\/uploads\/2018\/01\/DSC_0326-300x199.jpg\" alt=\"\" width=\"300\" height=\"199\" srcset=\"https:\/\/fundacja.radiopodlasie.pl\/wp-content\/uploads\/2018\/01\/DSC_0326-300x199.jpg 300w, https:\/\/fundacja.radiopodlasie.pl\/wp-content\/uploads\/2018\/01\/DSC_0326-768x509.jpg 768w, https:\/\/fundacja.radiopodlasie.pl\/wp-content\/uploads\/2018\/01\/DSC_0326.jpg 1024w\" sizes=\"(max-width: 300px) 100vw, 300px\" \/><\/a><\/p>\n<p>Drugie miejsce zaj\u0105\u0142 III Og\u00f3lnopolski Turniej Karate Shinkyokushin zorganizowany z okazji \u015awi\u0119ta Niepodleg\u0142o\u015bci w \u0141osicach przez Stowarzyszenie Instytut Rozwoju Sport\u00f3w Budo, \u0141osicki Klub Karate Kyokushin \u201eBushido\u201d i \u0141osicki Dom Kultury. Trzecie miejsce zaj\u0105\u0142 XIII Mityng Lekkoatletyczny Szk\u00f3\u0142 Ponadgimnazjalnych Powiatu Garwoli\u0144skiego zorganizowany przez Starostwo Powiatowe w Garwolinie i Zesp\u00f3\u0142 Szk\u00f3\u0142 Ponadgimnazjalnych nr 2 w Garwolinie.<\/p>\n<p><strong>W kategorii Sportowiec Roku 2017<\/strong> pierwsze miejsce w plebiscycie zaj\u0105\u0142 Marcin Izdebski Zawodnik \u0141KS &#8222;Orl\u0119ta&#8221; \u0141uk\u00f3w, z\u0142oty medalista i Mistrz Polski Junior\u00f3w 2017 oraz br\u0105zowy medalista Mistrzostw Polski Senior\u00f3w w podnoszeniu ci\u0119\u017car\u00f3w. <a href=\"http:\/\/fundacja.radiopodlasie.pl\/wp-content\/uploads\/2018\/01\/P1120292.jpg\"><img decoding=\"async\" loading=\"lazy\" class=\"alignnone size-medium wp-image-447\" src=\"http:\/\/fundacja.radiopodlasie.pl\/wp-content\/uploads\/2018\/01\/P1120292-300x169.jpg\" alt=\"\" width=\"300\" height=\"169\" srcset=\"https:\/\/fundacja.radiopodlasie.pl\/wp-content\/uploads\/2018\/01\/P1120292-300x169.jpg 300w, https:\/\/fundacja.radiopodlasie.pl\/wp-content\/uploads\/2018\/01\/P1120292-768x433.jpg 768w, https:\/\/fundacja.radiopodlasie.pl\/wp-content\/uploads\/2018\/01\/P1120292.jpg 1024w\" sizes=\"(max-width: 300px) 100vw, 300px\" \/><\/a><\/p>\n<p>Drugie miejsce uzyska\u0142 biegacz Robert G\u0142owala, zawodnik GKS \u201eWilga\u201d Garwolin, srebrny medalista w Akademickich Mistrzostwach Polski w Biegach Prze\u0142ajowych, br\u0105zowy medalista w Ulicznych Mistrzostwach Polski Senior\u00f3w w Biegu na 5 km i br\u0105zowy medalista w Mistrzostwach Polski Senior\u00f3w w P\u00f3\u0142maratonie. Trzecie miejsce zaj\u0119\u0142a biegaczka i triathlonistka, Beata D\u0105browska Zawodniczka Yulo Run Team Siedlce. W 2017 roku zaliczy\u0142a\u00a0 debiut na dystansie 1\/2 IronMan Pozna\u0144\u00a0 \u2013 4. miejsce w kategorii wiekowej K20; udzia\u0142 w TCS Amsterdam Maraton; wicemistrzostwo Polski Amator\u00f3w na 1 Mil\u0119.<\/p>\n<p>Nast\u0119pnie podsumowany zosta\u0142 <strong>Konkurs Fotograficzny<\/strong> <strong>&#8222;Miejsca zwyk\u0142e i niezwyk\u0142e diecezji siedleckiej&#8221;.<\/strong> Nagrod\u0119 g\u0142\u00f3wn\u0105 &#8211; aparat fotograficzny wysokiej klasy- oraz wyr\u00f3\u017cnienia wr\u0119czyli organizatorzy konkursu: ks. Andrzej Sochal (dyrektor KRP) i ks. Piotr Wojdat (dyrektor tygodnika Echo Katolickie).<\/p>\n<p><a href=\"http:\/\/fundacja.radiopodlasie.pl\/wp-content\/uploads\/2018\/01\/DSC_0348.jpg\"><img decoding=\"async\" loading=\"lazy\" class=\"alignnone size-medium wp-image-450\" src=\"http:\/\/fundacja.radiopodlasie.pl\/wp-content\/uploads\/2018\/01\/DSC_0348-300x199.jpg\" alt=\"\" width=\"300\" height=\"199\" srcset=\"https:\/\/fundacja.radiopodlasie.pl\/wp-content\/uploads\/2018\/01\/DSC_0348-300x199.jpg 300w, https:\/\/fundacja.radiopodlasie.pl\/wp-content\/uploads\/2018\/01\/DSC_0348-768x509.jpg 768w, https:\/\/fundacja.radiopodlasie.pl\/wp-content\/uploads\/2018\/01\/DSC_0348.jpg 1024w\" sizes=\"(max-width: 300px) 100vw, 300px\" \/><\/a><\/p>\n<p>Nagroda g\u0142\u00f3wna przypad\u0142a w udziale Monice Go\u0142o\u015b z Radzynia Podlaskiego za zdj\u0119cie zatytu\u0142owane &#8222;Majowe&#8221;.<\/p>\n<p><a href=\"http:\/\/fundacja.radiopodlasie.pl\/wp-content\/uploads\/2018\/01\/P1120332.jpg\"><img decoding=\"async\" loading=\"lazy\" class=\"alignnone size-medium wp-image-451\" src=\"http:\/\/fundacja.radiopodlasie.pl\/wp-content\/uploads\/2018\/01\/P1120332-300x169.jpg\" alt=\"\" width=\"300\" height=\"169\" srcset=\"https:\/\/fundacja.radiopodlasie.pl\/wp-content\/uploads\/2018\/01\/P1120332-300x169.jpg 300w, https:\/\/fundacja.radiopodlasie.pl\/wp-content\/uploads\/2018\/01\/P1120332-768x433.jpg 768w, https:\/\/fundacja.radiopodlasie.pl\/wp-content\/uploads\/2018\/01\/P1120332.jpg 1024w\" sizes=\"(max-width: 300px) 100vw, 300px\" \/><\/a><\/p>\n<p><a href=\"http:\/\/fundacja.radiopodlasie.pl\/wp-content\/uploads\/2018\/01\/Majowe-Kopia.jpg\"><img decoding=\"async\" loading=\"lazy\" class=\"alignnone size-medium wp-image-452\" src=\"http:\/\/fundacja.radiopodlasie.pl\/wp-content\/uploads\/2018\/01\/Majowe-Kopia-300x200.jpg\" alt=\"\" width=\"300\" height=\"200\" srcset=\"https:\/\/fundacja.radiopodlasie.pl\/wp-content\/uploads\/2018\/01\/Majowe-Kopia-300x200.jpg 300w, https:\/\/fundacja.radiopodlasie.pl\/wp-content\/uploads\/2018\/01\/Majowe-Kopia-768x513.jpg 768w, https:\/\/fundacja.radiopodlasie.pl\/wp-content\/uploads\/2018\/01\/Majowe-Kopia-1024x683.jpg 1024w, https:\/\/fundacja.radiopodlasie.pl\/wp-content\/uploads\/2018\/01\/Majowe-Kopia.jpg 1500w\" sizes=\"(max-width: 300px) 100vw, 300px\" \/><\/a><\/p>\n<p>Wyr\u00f3\u017cnienia otrzymali: Rafa\u0142 Chmiel z Rogo\u017anicy za fotografi\u0119 &#8222;Wsch\u00f3d s\u0142o\u0144ca&#8221;, Anna Skupi\u0144ska z\u00a0 K\u0105kolewnicy<\/p>\n<p><a href=\"http:\/\/fundacja.radiopodlasie.pl\/wp-content\/uploads\/2018\/01\/P1120338.jpg\"><img decoding=\"async\" loading=\"lazy\" class=\"alignnone size-medium wp-image-453\" src=\"http:\/\/fundacja.radiopodlasie.pl\/wp-content\/uploads\/2018\/01\/P1120338-300x169.jpg\" alt=\"\" width=\"300\" height=\"169\" srcset=\"https:\/\/fundacja.radiopodlasie.pl\/wp-content\/uploads\/2018\/01\/P1120338-300x169.jpg 300w, https:\/\/fundacja.radiopodlasie.pl\/wp-content\/uploads\/2018\/01\/P1120338-768x433.jpg 768w, https:\/\/fundacja.radiopodlasie.pl\/wp-content\/uploads\/2018\/01\/P1120338.jpg 1024w\" sizes=\"(max-width: 300px) 100vw, 300px\" \/><\/a><\/p>\n<p><a href=\"http:\/\/fundacja.radiopodlasie.pl\/wp-content\/uploads\/2018\/01\/P1120379.jpg\"><img decoding=\"async\" loading=\"lazy\" class=\"alignnone size-medium wp-image-454\" src=\"http:\/\/fundacja.radiopodlasie.pl\/wp-content\/uploads\/2018\/01\/P1120379-300x169.jpg\" alt=\"\" width=\"300\" height=\"169\" srcset=\"https:\/\/fundacja.radiopodlasie.pl\/wp-content\/uploads\/2018\/01\/P1120379-300x169.jpg 300w, https:\/\/fundacja.radiopodlasie.pl\/wp-content\/uploads\/2018\/01\/P1120379-768x433.jpg 768w, https:\/\/fundacja.radiopodlasie.pl\/wp-content\/uploads\/2018\/01\/P1120379.jpg 1024w\" sizes=\"(max-width: 300px) 100vw, 300px\" \/><\/a><\/p>\n<p>za zdj\u0119cie zatytu\u0142owane &#8222;Ja jestem drog\u0105, prawd\u0105 i \u017cyciem&#8221;, Katarzyna Sprysak z U\u0142\u0119\u017ca za prac\u0119 pod tytu\u0142em &#8222;Przed sobieszy\u0144skim ko\u015bcio\u0142em Jezus wskazuje jak \u017cy\u0107 trzeba &#8211; przez krzy\u017c do nieba&#8221; i Wiktoria Wysoki\u0144ska za fotografi\u0119 &#8222;Od powietrza, g\u0142odu, ognia i wojny zachowaj nas Panie&#8221;<\/p>\n<p><a href=\"http:\/\/fundacja.radiopodlasie.pl\/wp-content\/uploads\/2018\/01\/Przed-sobieszy\u0144skim-ko\u015bcio\u0142em-Jezus-wskazuje-jak-\u017cy\u0107-trzeba-przez-krzy\u017c-do-Nieba-Kopia.jpg\"><img decoding=\"async\" loading=\"lazy\" class=\"alignnone size-medium wp-image-463\" src=\"http:\/\/fundacja.radiopodlasie.pl\/wp-content\/uploads\/2018\/01\/Przed-sobieszy\u0144skim-ko\u015bcio\u0142em-Jezus-wskazuje-jak-\u017cy\u0107-trzeba-przez-krzy\u017c-do-Nieba-Kopia-300x225.jpg\" alt=\"\" width=\"300\" height=\"225\" srcset=\"https:\/\/fundacja.radiopodlasie.pl\/wp-content\/uploads\/2018\/01\/Przed-sobieszy\u0144skim-ko\u015bcio\u0142em-Jezus-wskazuje-jak-\u017cy\u0107-trzeba-przez-krzy\u017c-do-Nieba-Kopia-300x225.jpg 300w, https:\/\/fundacja.radiopodlasie.pl\/wp-content\/uploads\/2018\/01\/Przed-sobieszy\u0144skim-ko\u015bcio\u0142em-Jezus-wskazuje-jak-\u017cy\u0107-trzeba-przez-krzy\u017c-do-Nieba-Kopia-768x576.jpg 768w, https:\/\/fundacja.radiopodlasie.pl\/wp-content\/uploads\/2018\/01\/Przed-sobieszy\u0144skim-ko\u015bcio\u0142em-Jezus-wskazuje-jak-\u017cy\u0107-trzeba-przez-krzy\u017c-do-Nieba-Kopia-1024x768.jpg 1024w\" sizes=\"(max-width: 300px) 100vw, 300px\" \/><\/a><\/p>\n<p><a href=\"http:\/\/fundacja.radiopodlasie.pl\/wp-content\/uploads\/2018\/01\/Zdj\u0119cie-nr-2.jpg\"><img decoding=\"async\" loading=\"lazy\" class=\"alignnone size-medium wp-image-456\" src=\"http:\/\/fundacja.radiopodlasie.pl\/wp-content\/uploads\/2018\/01\/Zdj\u0119cie-nr-2-212x300.jpg\" alt=\"\" width=\"212\" height=\"300\" srcset=\"https:\/\/fundacja.radiopodlasie.pl\/wp-content\/uploads\/2018\/01\/Zdj\u0119cie-nr-2-212x300.jpg 212w, https:\/\/fundacja.radiopodlasie.pl\/wp-content\/uploads\/2018\/01\/Zdj\u0119cie-nr-2-768x1086.jpg 768w, https:\/\/fundacja.radiopodlasie.pl\/wp-content\/uploads\/2018\/01\/Zdj\u0119cie-nr-2-724x1024.jpg 724w, https:\/\/fundacja.radiopodlasie.pl\/wp-content\/uploads\/2018\/01\/Zdj\u0119cie-nr-2.jpg 1772w\" sizes=\"(max-width: 212px) 100vw, 212px\" \/><\/a><\/p>\n<p>Jako wst\u0119p do cz\u0119\u015bci op\u0142atkowej uroczysto\u015bci, zosta\u0142 odczytany przez ks. Dariusza Denisiuka fragment Ewangelii. Po czym okoliczno\u015bciowe przem\u00f3wienie wyg\u0142osi\u0142 ks. biskup Kazimierz Gurda. W imieniu zebranych \u017cyczenia \u015bwi\u0105teczne ksi\u0119\u017com biskupom\u00a0 &#8211; ks. Bp Kazimierzowi Gurdzie i ks. Bp Pomocniczemu Piotrowi Sawczukowi z\u0142o\u017cyli w\u00f3jt gminy Parys\u00f3w, Bo\u017cena Kwiatkowska i w\u00f3jt gminy Bia\u0142a Podlaska, Wies\u0142aw Panasiuk.<\/p>\n<p><a href=\"http:\/\/fundacja.radiopodlasie.pl\/wp-content\/uploads\/2018\/01\/P1120342.jpg\"><img decoding=\"async\" loading=\"lazy\" class=\"alignnone size-medium wp-image-457\" src=\"http:\/\/fundacja.radiopodlasie.pl\/wp-content\/uploads\/2018\/01\/P1120342-300x169.jpg\" alt=\"\" width=\"300\" height=\"169\" srcset=\"https:\/\/fundacja.radiopodlasie.pl\/wp-content\/uploads\/2018\/01\/P1120342-300x169.jpg 300w, https:\/\/fundacja.radiopodlasie.pl\/wp-content\/uploads\/2018\/01\/P1120342-768x433.jpg 768w, https:\/\/fundacja.radiopodlasie.pl\/wp-content\/uploads\/2018\/01\/P1120342.jpg 1024w\" sizes=\"(max-width: 300px) 100vw, 300px\" \/><\/a><\/p>\n<p><a href=\"http:\/\/fundacja.radiopodlasie.pl\/wp-content\/uploads\/2018\/01\/P1120350.jpg\"><img decoding=\"async\" loading=\"lazy\" class=\"alignnone size-medium wp-image-458\" src=\"http:\/\/fundacja.radiopodlasie.pl\/wp-content\/uploads\/2018\/01\/P1120350-300x169.jpg\" alt=\"\" width=\"300\" height=\"169\" srcset=\"https:\/\/fundacja.radiopodlasie.pl\/wp-content\/uploads\/2018\/01\/P1120350-300x169.jpg 300w, https:\/\/fundacja.radiopodlasie.pl\/wp-content\/uploads\/2018\/01\/P1120350-768x433.jpg 768w, https:\/\/fundacja.radiopodlasie.pl\/wp-content\/uploads\/2018\/01\/P1120350.jpg 1024w\" sizes=\"(max-width: 300px) 100vw, 300px\" \/><\/a><\/p>\n<p><a href=\"http:\/\/fundacja.radiopodlasie.pl\/wp-content\/uploads\/2018\/01\/P1120358.jpg\"><img decoding=\"async\" loading=\"lazy\" class=\"alignnone size-medium wp-image-459\" src=\"http:\/\/fundacja.radiopodlasie.pl\/wp-content\/uploads\/2018\/01\/P1120358-300x169.jpg\" alt=\"\" width=\"300\" height=\"169\" srcset=\"https:\/\/fundacja.radiopodlasie.pl\/wp-content\/uploads\/2018\/01\/P1120358-300x169.jpg 300w, https:\/\/fundacja.radiopodlasie.pl\/wp-content\/uploads\/2018\/01\/P1120358-768x433.jpg 768w, https:\/\/fundacja.radiopodlasie.pl\/wp-content\/uploads\/2018\/01\/P1120358.jpg 1024w\" sizes=\"(max-width: 300px) 100vw, 300px\" \/><\/a><\/p>\n<p>Pob\u0142ogos\u0142awionymi przez ks. Bpa Kazimierza Gurd\u0119 op\u0142atkami prze\u0142amali si\u0119 zebrani go\u015bcie sk\u0142adaj\u0105c sobie \u017cyczenia na nowy rok.<\/p>\n<p>Spotkanie zako\u0144czy\u0142a wsp\u00f3lna kolacja utrzymana w tradycyjnym, wigilijnym tonie.<\/p>\n","protected":false},"excerpt":{"rendered":"<p>Fundacja Podlaskie Centrum Radiowe by\u0142a wsp\u00f3\u0142organizatorem spotkania samorz\u0105dowc\u00f3w, polityk\u00f3w i przedsi\u0119biorc\u00f3w zaanga\u017cowanych w rozw\u00f3j naszego regionu oraz przyjaci\u00f3\u0142 Katolickiego Radia Podlasie. 8 stycznia ponad 100 os\u00f3b zebra\u0142o si\u0119 w auli Wy\u017cszego Seminarium Duchownego w Opolu Nowym by podzieli\u0107 si\u0119 op\u0142atkiem, podsumowa\u0107 miniony rok, pos\u0142ucha\u0107 kr\u00f3tkich wyk\u0142ad\u00f3w i wyst\u0105pie\u0144. G\u0142\u00f3wnym konferansjerem wydarzenia by\u0142a Natalia Bala-G\u0105secka, na [&hellip;]<\/p>\n","protected":false},"author":4,"featured_media":449,"comment_status":"closed","ping_status":"closed","sticky":false,"template":"","format":"standard","meta":{"ngg_post_thumbnail":0},"categories":[3],"tags":[],"_links":{"self":[{"href":"https:\/\/fundacja.radiopodlasie.pl\/index.php?rest_route=\/wp\/v2\/posts\/437"}],"collection":[{"href":"https:\/\/fundacja.radiopodlasie.pl\/index.php?rest_route=\/wp\/v2\/posts"}],"about":[{"href":"https:\/\/fundacja.radiopodlasie.pl\/index.php?rest_route=\/wp\/v2\/types\/post"}],"author":[{"embeddable":true,"href":"https:\/\/fundacja.radiopodlasie.pl\/index.php?rest_route=\/wp\/v2\/users\/4"}],"replies":[{"embeddable":true,"href":"https:\/\/fundacja.radiopodlasie.pl\/index.php?rest_route=%2Fwp%2Fv2%2Fcomments&post=437"}],"version-history":[{"count":6,"href":"https:\/\/fundacja.radiopodlasie.pl\/index.php?rest_route=\/wp\/v2\/posts\/437\/revisions"}],"predecessor-version":[{"id":468,"href":"https:\/\/fundacja.radiopodlasie.pl\/index.php?rest_route=\/wp\/v2\/posts\/437\/revisions\/468"}],"wp:featuredmedia":[{"embeddable":true,"href":"https:\/\/fundacja.radiopodlasie.pl\/index.php?rest_route=\/wp\/v2\/media\/449"}],"wp:attachment":[{"href":"https:\/\/fundacja.radiopodlasie.pl\/index.php?rest_route=%2Fwp%2Fv2%2Fmedia&parent=437"}],"wp:term":[{"taxonomy":"category","embeddable":true,"href":"https:\/\/fundacja.radiopodlasie.pl\/index.php?rest_route=%2Fwp%2Fv2%2Fcategories&post=437"},{"taxonomy":"post_tag","embeddable":true,"href":"https:\/\/fundacja.radiopodlasie.pl\/index.php?rest_route=%2Fwp%2Fv2%2Ftags&post=437"}],"curies":[{"name":"wp","href":"https:\/\/api.w.org\/{rel}","templated":true}]}}