{"id":44,"date":"2011-12-13T17:09:15","date_gmt":"2011-12-13T16:09:15","guid":{"rendered":"http:\/\/fundacja.radiopodlasie.pl\/?p=44"},"modified":"2013-03-21T14:42:49","modified_gmt":"2013-03-21T13:42:49","slug":"krzyz-w-przestrzeni-publicznej-debata","status":"publish","type":"post","link":"https:\/\/fundacja.radiopodlasie.pl\/?p=44","title":{"rendered":"&#8222;Krzy\u017c w przestrzeni publicznej&#8221; &#8211; debata"},"content":{"rendered":"<p><b>13 grudnia 2011 roku<\/b> w auli Katolickiego Liceum Og\u00f3lnokszta\u0142c\u0105cego w Siedlcach odby\u0142a si\u0119 debata na temat krzy\u017ca w przestrzeni publicznej.<\/p>\n<p>Wsp\u00f3\u0142organizatorzy spotkania: Wydzia\u0142 Duszpasterski Kurii Diecezjalnej w Siedlcach oraz Katolickie Radio Podlasie. W\u015br\u00f3d prelegent\u00f3w byli Biskup Siedlecki Zbigniew Kiernikowski, by\u0142y Marsza\u0142ek Sejmu Marek Jurek oraz pose\u0142 Krzysztof Tch\u00f3rzewski.<\/p>\n<p>Debata by\u0142a transmitowana przez Katolickie Radio Podlasie.<\/p>\n<hr \/>\n<p><strong>ZOBACZ:<\/strong><br \/>\n<a href=\"http:\/\/podlasie24.pl\/wiadomosci\/diec.-siedlecka\/debata-na-temat-krzyza-w-przestrzeni-publicznej-8a12.html\">Debata na temat krzy\u017ca w przestrzeni publicznej<\/a><br \/>\n<a href=\"http:\/\/podlasie24.pl\/wiadomosci\/siedlce\/krzyz-w-przestrzeni-publicznej--relacja-z-debaty--8a0f.html\">Krzy\u017c w przestrzeni publicznej- relacja z debaty<\/a><br \/>\n<a href=\"http:\/\/archiwum.radiopodlasie.pl\/?p=13455\">Debata na temat krzy\u017ca w przestrzeni publicznej &#8211; AUDIO<\/a><\/p>\n","protected":false},"excerpt":{"rendered":"<p>13 grudnia 2011 roku w auli Katolickiego Liceum Og\u00f3lnokszta\u0142c\u0105cego w Siedlcach odby\u0142a si\u0119 debata na temat krzy\u017ca w przestrzeni publicznej. Wsp\u00f3\u0142organizatorzy spotkania: Wydzia\u0142 Duszpasterski Kurii Diecezjalnej w Siedlcach oraz Katolickie Radio Podlasie. W\u015br\u00f3d prelegent\u00f3w byli Biskup Siedlecki Zbigniew Kiernikowski, by\u0142y Marsza\u0142ek Sejmu Marek Jurek oraz pose\u0142 Krzysztof Tch\u00f3rzewski. Debata by\u0142a transmitowana przez Katolickie Radio Podlasie. [&hellip;]<\/p>\n","protected":false},"author":1,"featured_media":51,"comment_status":"open","ping_status":"open","sticky":false,"template":"","format":"standard","meta":{"ngg_post_thumbnail":0},"categories":[1],"tags":[],"_links":{"self":[{"href":"https:\/\/fundacja.radiopodlasie.pl\/index.php?rest_route=\/wp\/v2\/posts\/44"}],"collection":[{"href":"https:\/\/fundacja.radiopodlasie.pl\/index.php?rest_route=\/wp\/v2\/posts"}],"about":[{"href":"https:\/\/fundacja.radiopodlasie.pl\/index.php?rest_route=\/wp\/v2\/types\/post"}],"author":[{"embeddable":true,"href":"https:\/\/fundacja.radiopodlasie.pl\/index.php?rest_route=\/wp\/v2\/users\/1"}],"replies":[{"embeddable":true,"href":"https:\/\/fundacja.radiopodlasie.pl\/index.php?rest_route=%2Fwp%2Fv2%2Fcomments&post=44"}],"version-history":[{"count":4,"href":"https:\/\/fundacja.radiopodlasie.pl\/index.php?rest_route=\/wp\/v2\/posts\/44\/revisions"}],"predecessor-version":[{"id":101,"href":"https:\/\/fundacja.radiopodlasie.pl\/index.php?rest_route=\/wp\/v2\/posts\/44\/revisions\/101"}],"wp:featuredmedia":[{"embeddable":true,"href":"https:\/\/fundacja.radiopodlasie.pl\/index.php?rest_route=\/wp\/v2\/media\/51"}],"wp:attachment":[{"href":"https:\/\/fundacja.radiopodlasie.pl\/index.php?rest_route=%2Fwp%2Fv2%2Fmedia&parent=44"}],"wp:term":[{"taxonomy":"category","embeddable":true,"href":"https:\/\/fundacja.radiopodlasie.pl\/index.php?rest_route=%2Fwp%2Fv2%2Fcategories&post=44"},{"taxonomy":"post_tag","embeddable":true,"href":"https:\/\/fundacja.radiopodlasie.pl\/index.php?rest_route=%2Fwp%2Fv2%2Ftags&post=44"}],"curies":[{"name":"wp","href":"https:\/\/api.w.org\/{rel}","templated":true}]}}