{"id":469,"date":"2018-01-11T09:32:10","date_gmt":"2018-01-11T08:32:10","guid":{"rendered":"http:\/\/fundacja.radiopodlasie.pl\/?p=469"},"modified":"2018-01-24T15:23:53","modified_gmt":"2018-01-24T14:23:53","slug":"festyn-z-okazji-25-lecia-dzialalnosci-katolickiego-radia-podlasie-9-lipca-2017-r","status":"publish","type":"post","link":"https:\/\/fundacja.radiopodlasie.pl\/?p=469","title":{"rendered":"Festyn z okazji 25-lecia dzia\u0142alno\u015bci Katolickiego Radia Podlasie, 9 lipca 2017 r."},"content":{"rendered":"<p>Fundacja Podlaskie Centrum Radiowe by\u0142a wsp\u00f3\u0142organizatorem imprez zwi\u0105zanych z dwudziestopi\u0119cioleciem pracy Katolickiego Radia Podlasie, 9 lipca &#8211; dla szerszego grona spo\u0142eczno\u015bci regionu i 16 wrze\u015bnia &#8211; gali dla przedsi\u0119biorc\u00f3w, polityk\u00f3w i przedstawicieli samorz\u0105d\u00f3w regionu.<\/p>\n<p>&nbsp;<\/p>\n<p><a href=\"http:\/\/fundacja.radiopodlasie.pl\/wp-content\/uploads\/2018\/01\/DSC_2743.jpg\"><img decoding=\"async\" loading=\"lazy\" class=\"alignnone size-medium wp-image-496\" src=\"http:\/\/fundacja.radiopodlasie.pl\/wp-content\/uploads\/2018\/01\/DSC_2743-300x200.jpg\" alt=\"\" width=\"300\" height=\"200\" srcset=\"https:\/\/fundacja.radiopodlasie.pl\/wp-content\/uploads\/2018\/01\/DSC_2743-300x200.jpg 300w, https:\/\/fundacja.radiopodlasie.pl\/wp-content\/uploads\/2018\/01\/DSC_2743-768x512.jpg 768w, https:\/\/fundacja.radiopodlasie.pl\/wp-content\/uploads\/2018\/01\/DSC_2743-1024x683.jpg 1024w\" sizes=\"(max-width: 300px) 100vw, 300px\" \/><\/a><a href=\"http:\/\/fundacja.radiopodlasie.pl\/wp-content\/uploads\/2018\/01\/IMG_6813.jpg\"><img decoding=\"async\" loading=\"lazy\" class=\"alignnone size-medium wp-image-499\" src=\"http:\/\/fundacja.radiopodlasie.pl\/wp-content\/uploads\/2018\/01\/IMG_6813-300x200.jpg\" alt=\"\" width=\"300\" height=\"200\" srcset=\"https:\/\/fundacja.radiopodlasie.pl\/wp-content\/uploads\/2018\/01\/IMG_6813-300x200.jpg 300w, https:\/\/fundacja.radiopodlasie.pl\/wp-content\/uploads\/2018\/01\/IMG_6813-768x511.jpg 768w, https:\/\/fundacja.radiopodlasie.pl\/wp-content\/uploads\/2018\/01\/IMG_6813-1024x681.jpg 1024w, https:\/\/fundacja.radiopodlasie.pl\/wp-content\/uploads\/2018\/01\/IMG_6813.jpg 1936w\" sizes=\"(max-width: 300px) 100vw, 300px\" \/><\/a><a href=\"http:\/\/fundacja.radiopodlasie.pl\/wp-content\/uploads\/2018\/01\/DSC_2969-1.jpg\"><img decoding=\"async\" loading=\"lazy\" class=\"alignnone size-medium wp-image-502\" src=\"http:\/\/fundacja.radiopodlasie.pl\/wp-content\/uploads\/2018\/01\/DSC_2969-1-300x200.jpg\" alt=\"\" width=\"300\" height=\"200\" srcset=\"https:\/\/fundacja.radiopodlasie.pl\/wp-content\/uploads\/2018\/01\/DSC_2969-1-300x200.jpg 300w, https:\/\/fundacja.radiopodlasie.pl\/wp-content\/uploads\/2018\/01\/DSC_2969-1.jpg 640w\" sizes=\"(max-width: 300px) 100vw, 300px\" \/><\/a><a href=\"http:\/\/fundacja.radiopodlasie.pl\/wp-content\/uploads\/2018\/01\/DSC_2960.jpg\"><img decoding=\"async\" loading=\"lazy\" class=\"alignnone size-medium wp-image-495\" src=\"http:\/\/fundacja.radiopodlasie.pl\/wp-content\/uploads\/2018\/01\/DSC_2960-300x200.jpg\" alt=\"\" width=\"300\" height=\"200\" srcset=\"https:\/\/fundacja.radiopodlasie.pl\/wp-content\/uploads\/2018\/01\/DSC_2960-300x200.jpg 300w, https:\/\/fundacja.radiopodlasie.pl\/wp-content\/uploads\/2018\/01\/DSC_2960-768x512.jpg 768w, https:\/\/fundacja.radiopodlasie.pl\/wp-content\/uploads\/2018\/01\/DSC_2960-1024x683.jpg 1024w\" sizes=\"(max-width: 300px) 100vw, 300px\" \/><\/a> <a href=\"http:\/\/fundacja.radiopodlasie.pl\/wp-content\/uploads\/2018\/01\/DSC_2750.jpg\"><img decoding=\"async\" loading=\"lazy\" class=\"alignnone size-medium wp-image-497\" src=\"http:\/\/fundacja.radiopodlasie.pl\/wp-content\/uploads\/2018\/01\/DSC_2750-300x200.jpg\" alt=\"\" width=\"300\" height=\"200\" srcset=\"https:\/\/fundacja.radiopodlasie.pl\/wp-content\/uploads\/2018\/01\/DSC_2750-300x200.jpg 300w, https:\/\/fundacja.radiopodlasie.pl\/wp-content\/uploads\/2018\/01\/DSC_2750-768x512.jpg 768w, https:\/\/fundacja.radiopodlasie.pl\/wp-content\/uploads\/2018\/01\/DSC_2750-1024x683.jpg 1024w\" sizes=\"(max-width: 300px) 100vw, 300px\" \/><\/a> <a href=\"http:\/\/fundacja.radiopodlasie.pl\/wp-content\/uploads\/2018\/01\/DSC_3096.jpg\"><img decoding=\"async\" loading=\"lazy\" class=\"alignnone size-medium wp-image-498\" src=\"http:\/\/fundacja.radiopodlasie.pl\/wp-content\/uploads\/2018\/01\/DSC_3096-300x198.jpg\" alt=\"\" width=\"300\" height=\"198\" srcset=\"https:\/\/fundacja.radiopodlasie.pl\/wp-content\/uploads\/2018\/01\/DSC_3096-300x198.jpg 300w, https:\/\/fundacja.radiopodlasie.pl\/wp-content\/uploads\/2018\/01\/DSC_3096-768x506.jpg 768w, https:\/\/fundacja.radiopodlasie.pl\/wp-content\/uploads\/2018\/01\/DSC_3096-1024x675.jpg 1024w\" sizes=\"(max-width: 300px) 100vw, 300px\" \/><\/a><\/p>\n<p><strong>Uroczyste obchody 25 rocznicy KRP 9 lipca<\/strong> rozpocz\u0119\u0142a msza \u015bwi\u0119ta dzi\u0119kczynna w katedrze siedleckiej koncelebrowana z Biskupem Pomocniczym Diecezji Siedleckiej Piotrem Sawczukiem przez ksi\u0119\u017cy pracuj\u0105cych lub zwi\u0105zanych w przesz\u0142o\u015bci z rozg\u0142o\u015bni\u0105, a uczestniczyli w niej pracownicy, przedstawiciele wsp\u00f3\u0142pracuj\u0105cych samorz\u0105d\u00f3w oraz liczne grono przyjaci\u00f3\u0142 i wiernych s\u0142uchaczy.<\/p>\n<p>Nast\u0119pnie na Amfiteatrze i terenach przyleg\u0142ych odby\u0142 si\u0119 piknik z konkursami i koncerty. Na scenie zaprezentowa\u0142 si\u0119 ks. Stefan Ceberek, kt\u00f3ry \u015bpiewa\u0142 o Bogu, ojczy\u017anie i patriotyzmie,\u00a0 Roberto Zucaro, kt\u00f3ry wykona\u0142 najpopularniejsze w\u0142oskie przeboje, a gwiazd\u0105 wieczoru by\u0142 zesp\u00f3\u0142 Feel. Barwnym urozmaiceniem wydarzenia by\u0142 wyst\u0119p Zespo\u0142u Pie\u015bni i Ta\u0144ca Ziemi \u0141ukowskiej \u0141ukowiacy prezentuj\u0105cy polskie ta\u0144ce narodowe.<br \/>\nAtrakcyjne nagrody w konkursach zapewni\u0142y wsp\u00f3\u0142pracuj\u0105ce z rozg\u0142o\u015bni\u0105 firmy, takie jak:<br \/>\n&#8211;\u00a0 <a href=\"http:\/\/www.invision.com.pl\/\">Invision Optyk<\/a><br \/>\n&#8211;\u00a0 <a href=\"https:\/\/www.kasastefczyka.pl\/\">Kasa Stefczyka<\/a><br \/>\n&#8211;\u00a0 <a href=\"http:\/\/relaks-perlaserpelic.pl\/\">O\u015brodek Wypoczynkowy &#8222;Relaks- Per\u0142a Serpelic&#8221; <\/a><br \/>\n&#8211;\u00a0 <a href=\"https:\/\/www.asaj.pl\/\">ASAJ Hurtownie Elektryczne<\/a><br \/>\n&#8211;\u00a0 <a href=\"http:\/\/www.pbssokolow.pl\/\">Bank Sp\u00f3\u0142dzielczy w Soko\u0142owie Podlaskim<\/a><br \/>\n&#8211; <a href=\"http:\/\/www.osmkosow.pl\/\">Okregowa Sp\u00f3\u0142dzielnia Mleczarska w Kosowie Lackim<\/a><br \/>\n&#8211;<a href=\"https:\/\/mediamarkt.pl\/sklep\/siedlce\"> Media Markt<\/a><br \/>\n&#8211; <a href=\"http:\/\/www.empik.com\/salony\/siedlce\">Empik\u00a0 <\/a><br \/>\n&#8211; <a href=\"http:\/\/www.agdcobra.pl\/\">COBRA\u00a0AGD<\/a><br \/>\n&#8211;<a href=\"http:\/\/mbm.siedlce.pl\/\"> MBM Marek Bieli\u0144ski<\/a><br \/>\nWydarzenie zosta\u0142o zorganizowane dzi\u0119ki wsparciu <a href=\"https:\/\/www.pzu.pl\/grupa-pzu\">Grupy PZU<\/a><br \/>\n<a href=\"http:\/\/fundacja.radiopodlasie.pl\/wp-content\/uploads\/2018\/01\/IMG_0625.jpg\"><img decoding=\"async\" loading=\"lazy\" class=\"alignnone size-medium wp-image-470\" src=\"http:\/\/fundacja.radiopodlasie.pl\/wp-content\/uploads\/2018\/01\/IMG_0625-300x200.jpg\" alt=\"\" width=\"300\" height=\"200\" srcset=\"https:\/\/fundacja.radiopodlasie.pl\/wp-content\/uploads\/2018\/01\/IMG_0625-300x200.jpg 300w, https:\/\/fundacja.radiopodlasie.pl\/wp-content\/uploads\/2018\/01\/IMG_0625-768x512.jpg 768w, https:\/\/fundacja.radiopodlasie.pl\/wp-content\/uploads\/2018\/01\/IMG_0625-1024x683.jpg 1024w\" sizes=\"(max-width: 300px) 100vw, 300px\" \/><\/a><\/p>\n<p><strong>Uroczysta Gala Rocznicowa\u00a0 mia\u0142a miejsce 16 wrze\u015bnia<\/strong> w Centrum Kultury i Sztuki w Siedlcach. Wzi\u0119\u0142o w niej udzia\u0142 wielu znamienitych go\u015bci, m.in. biskupi: siedlecki i drohiczy\u0144ski, wicemarsza\u0142ek Senatu i przedstawiciel Prezydenta RP, ministrowie, liczni parlamentarzy\u015bci, jeszcze liczniejsi samorz\u0105dowcy, kap\u0142ani, przedstawiciele kultury, nauki, biznesu, a tak\u017ce\u00a0 dawni pracownicy i wsp\u00f3\u0142pracownicy Katolickiego Radia Podlasie.<\/p>\n<p>&nbsp;<\/p>\n","protected":false},"excerpt":{"rendered":"<p>Fundacja Podlaskie Centrum Radiowe by\u0142a wsp\u00f3\u0142organizatorem imprez zwi\u0105zanych z dwudziestopi\u0119cioleciem pracy Katolickiego Radia Podlasie, 9 lipca &#8211; dla szerszego grona spo\u0142eczno\u015bci regionu i 16 wrze\u015bnia &#8211; gali dla przedsi\u0119biorc\u00f3w, polityk\u00f3w i przedstawicieli samorz\u0105d\u00f3w regionu. &nbsp; Uroczyste obchody 25 rocznicy KRP 9 lipca rozpocz\u0119\u0142a msza \u015bwi\u0119ta dzi\u0119kczynna w katedrze siedleckiej koncelebrowana z Biskupem Pomocniczym Diecezji Siedleckiej [&hellip;]<\/p>\n","protected":false},"author":4,"featured_media":502,"comment_status":"closed","ping_status":"closed","sticky":false,"template":"","format":"standard","meta":{"ngg_post_thumbnail":0},"categories":[3],"tags":[],"_links":{"self":[{"href":"https:\/\/fundacja.radiopodlasie.pl\/index.php?rest_route=\/wp\/v2\/posts\/469"}],"collection":[{"href":"https:\/\/fundacja.radiopodlasie.pl\/index.php?rest_route=\/wp\/v2\/posts"}],"about":[{"href":"https:\/\/fundacja.radiopodlasie.pl\/index.php?rest_route=\/wp\/v2\/types\/post"}],"author":[{"embeddable":true,"href":"https:\/\/fundacja.radiopodlasie.pl\/index.php?rest_route=\/wp\/v2\/users\/4"}],"replies":[{"embeddable":true,"href":"https:\/\/fundacja.radiopodlasie.pl\/index.php?rest_route=%2Fwp%2Fv2%2Fcomments&post=469"}],"version-history":[{"count":6,"href":"https:\/\/fundacja.radiopodlasie.pl\/index.php?rest_route=\/wp\/v2\/posts\/469\/revisions"}],"predecessor-version":[{"id":503,"href":"https:\/\/fundacja.radiopodlasie.pl\/index.php?rest_route=\/wp\/v2\/posts\/469\/revisions\/503"}],"wp:featuredmedia":[{"embeddable":true,"href":"https:\/\/fundacja.radiopodlasie.pl\/index.php?rest_route=\/wp\/v2\/media\/502"}],"wp:attachment":[{"href":"https:\/\/fundacja.radiopodlasie.pl\/index.php?rest_route=%2Fwp%2Fv2%2Fmedia&parent=469"}],"wp:term":[{"taxonomy":"category","embeddable":true,"href":"https:\/\/fundacja.radiopodlasie.pl\/index.php?rest_route=%2Fwp%2Fv2%2Fcategories&post=469"},{"taxonomy":"post_tag","embeddable":true,"href":"https:\/\/fundacja.radiopodlasie.pl\/index.php?rest_route=%2Fwp%2Fv2%2Ftags&post=469"}],"curies":[{"name":"wp","href":"https:\/\/api.w.org\/{rel}","templated":true}]}}