{"id":488,"date":"2018-01-24T14:31:45","date_gmt":"2018-01-24T13:31:45","guid":{"rendered":"http:\/\/fundacja.radiopodlasie.pl\/?p=488"},"modified":"2018-02-05T13:28:19","modified_gmt":"2018-02-05T12:28:19","slug":"planujemy-w-2018-roku-przeprowadzic-nastepujace-dzialania","status":"publish","type":"post","link":"https:\/\/fundacja.radiopodlasie.pl\/?p=488","title":{"rendered":"PLANUJEMY w 2018 roku przeprowadzi\u0107 nast\u0119puj\u0105ce dzia\u0142ania:"},"content":{"rendered":"<p><a href=\"http:\/\/fundacja.radiopodlasie.pl\/wp-content\/uploads\/2018\/01\/Schowek-2.jpg\"><img decoding=\"async\" loading=\"lazy\" class=\"aligncenter wp-image-556 size-large\" src=\"http:\/\/fundacja.radiopodlasie.pl\/wp-content\/uploads\/2018\/01\/Schowek-2-1024x768.jpg\" alt=\"\" width=\"550\" height=\"413\" srcset=\"https:\/\/fundacja.radiopodlasie.pl\/wp-content\/uploads\/2018\/01\/Schowek-2-1024x768.jpg 1024w, https:\/\/fundacja.radiopodlasie.pl\/wp-content\/uploads\/2018\/01\/Schowek-2-300x225.jpg 300w, https:\/\/fundacja.radiopodlasie.pl\/wp-content\/uploads\/2018\/01\/Schowek-2-768x576.jpg 768w, https:\/\/fundacja.radiopodlasie.pl\/wp-content\/uploads\/2018\/01\/Schowek-2.jpg 1050w\" sizes=\"(max-width: 550px) 100vw, 550px\" \/><\/a><\/p>\n<ul>\n<li><strong>Luty<\/strong><\/li>\n<\/ul>\n<ol>\n<li>Zorganizowanie i przeprowadzenie zabaw i konkurs\u00f3w z nagrodami podczas Spotkania Karnawa\u0142owego Ko\u0142a Przyjaci\u00f3\u0142 Katolickiego Radia Podlasie<\/li>\n<\/ol>\n<ul>\n<li><strong>Marzec<\/strong><\/li>\n<\/ul>\n<ol>\n<li>Zorganizowanie wiosennego spotkania prezes\u00f3w Ko\u0142a Przyjaci\u00f3\u0142 Katolickiego Radia Podlasie<\/li>\n<\/ol>\n<ul>\n<li><strong>Maj<\/strong><\/li>\n<\/ul>\n<ol>\n<li>W\u0142\u0105czenie si\u0119 w dzia\u0142ania Ministerstwa Kultury i Dziedzictwa Narodowego &#8222;Partnerstwo dla ksi\u0105\u017cki&#8221; z projektem w\u0142asnym Fundacji <em>(uzale\u017cnione od pozyskania \u015brodk\u00f3w w konkursie ofert)<\/em><\/li>\n<li>Zorganizowanie k\u0105cika czytelniczego dla dzieci podczas Spotkania Rodzin w Parczewie<\/li>\n<\/ol>\n<ul>\n<li><strong>Czerwiec<\/strong><\/li>\n<\/ul>\n<ol>\n<li>W\u0142\u0105czenie si\u0119 w realizacj\u0119 zada\u0144 publicznych Wojew\u00f3dztwa Mazowieckiego w obszarze &#8222;Kultura, sztuka, ochrona d\u00f3br kultury i dziedzictwa narodowego&#8221; z projektem w\u0142asnym Fundacji <em>(uzale\u017cnione od pozyskania wsparcia w konkursie ofert)<\/em><\/li>\n<\/ol>\n<ul>\n<li><strong>Wrzesie\u0144<\/strong><\/li>\n<\/ul>\n<ol>\n<li>W\u0142\u0105czenie&nbsp; si\u0119 w organizacj\u0119 Festynu w G\u00f3rznie, podczas kt\u00f3rego zostanie rozstrzygni\u0119ty konkurs na najlepsze Ko\u0142o Gospody\u0144 Wiejskich.<\/li>\n<\/ol>\n<p>Plany te mog\u0105 ulec zmianom w zale\u017cno\u015bci od okoliczno\u015bci niezale\u017cnych od Fundacji.<\/p>\n","protected":false},"excerpt":{"rendered":"<p>Luty Zorganizowanie i przeprowadzenie zabaw i konkurs\u00f3w z nagrodami podczas Spotkania Karnawa\u0142owego Ko\u0142a Przyjaci\u00f3\u0142 Katolickiego Radia Podlasie Marzec Zorganizowanie wiosennego spotkania prezes\u00f3w Ko\u0142a Przyjaci\u00f3\u0142 Katolickiego Radia Podlasie Maj W\u0142\u0105czenie si\u0119 w dzia\u0142ania Ministerstwa Kultury i Dziedzictwa Narodowego &#8222;Partnerstwo dla ksi\u0105\u017cki&#8221; z projektem w\u0142asnym Fundacji (uzale\u017cnione od pozyskania \u015brodk\u00f3w w konkursie ofert) Zorganizowanie k\u0105cika czytelniczego dla [&hellip;]<\/p>\n","protected":false},"author":4,"featured_media":553,"comment_status":"closed","ping_status":"closed","sticky":false,"template":"","format":"standard","meta":{"ngg_post_thumbnail":0},"categories":[4],"tags":[],"_links":{"self":[{"href":"https:\/\/fundacja.radiopodlasie.pl\/index.php?rest_route=\/wp\/v2\/posts\/488"}],"collection":[{"href":"https:\/\/fundacja.radiopodlasie.pl\/index.php?rest_route=\/wp\/v2\/posts"}],"about":[{"href":"https:\/\/fundacja.radiopodlasie.pl\/index.php?rest_route=\/wp\/v2\/types\/post"}],"author":[{"embeddable":true,"href":"https:\/\/fundacja.radiopodlasie.pl\/index.php?rest_route=\/wp\/v2\/users\/4"}],"replies":[{"embeddable":true,"href":"https:\/\/fundacja.radiopodlasie.pl\/index.php?rest_route=%2Fwp%2Fv2%2Fcomments&post=488"}],"version-history":[{"count":7,"href":"https:\/\/fundacja.radiopodlasie.pl\/index.php?rest_route=\/wp\/v2\/posts\/488\/revisions"}],"predecessor-version":[{"id":557,"href":"https:\/\/fundacja.radiopodlasie.pl\/index.php?rest_route=\/wp\/v2\/posts\/488\/revisions\/557"}],"wp:featuredmedia":[{"embeddable":true,"href":"https:\/\/fundacja.radiopodlasie.pl\/index.php?rest_route=\/wp\/v2\/media\/553"}],"wp:attachment":[{"href":"https:\/\/fundacja.radiopodlasie.pl\/index.php?rest_route=%2Fwp%2Fv2%2Fmedia&parent=488"}],"wp:term":[{"taxonomy":"category","embeddable":true,"href":"https:\/\/fundacja.radiopodlasie.pl\/index.php?rest_route=%2Fwp%2Fv2%2Fcategories&post=488"},{"taxonomy":"post_tag","embeddable":true,"href":"https:\/\/fundacja.radiopodlasie.pl\/index.php?rest_route=%2Fwp%2Fv2%2Ftags&post=488"}],"curies":[{"name":"wp","href":"https:\/\/api.w.org\/{rel}","templated":true}]}}