{"id":560,"date":"2018-06-22T16:13:04","date_gmt":"2018-06-22T14:13:04","guid":{"rendered":"http:\/\/fundacja.radiopodlasie.pl\/?p=560"},"modified":"2018-06-29T12:00:54","modified_gmt":"2018-06-29T10:00:54","slug":"grzbietami-do-dolu","status":"publish","type":"post","link":"https:\/\/fundacja.radiopodlasie.pl\/?p=560","title":{"rendered":"Grzbietami do do\u0142u"},"content":{"rendered":"<p><a href=\"http:\/\/fundacja.radiopodlasie.pl\/wp-content\/uploads\/2018\/06\/banerek-grzbietami1.jpg\"><img decoding=\"async\" loading=\"lazy\" class=\"alignnone size-medium wp-image-561\" src=\"http:\/\/fundacja.radiopodlasie.pl\/wp-content\/uploads\/2018\/06\/banerek-grzbietami1-300x60.jpg\" alt=\"\" width=\"300\" height=\"60\" srcset=\"https:\/\/fundacja.radiopodlasie.pl\/wp-content\/uploads\/2018\/06\/banerek-grzbietami1-300x60.jpg 300w, https:\/\/fundacja.radiopodlasie.pl\/wp-content\/uploads\/2018\/06\/banerek-grzbietami1.jpg 750w\" sizes=\"(max-width: 300px) 100vw, 300px\" \/><\/a><\/p>\n<p>Rozpocz\u0119li\u015bmy dzia\u0142ania w projekcie dofinansowanym ze \u015brodk\u00f3w Ministerstwa Kultury i Dziedzictwa Narodowego pochodz\u0105cych z Funduszu Promocji Kultury<\/p>\n<p><a href=\"http:\/\/podlasie24.pl\/miasto-siedlce\/kultura\/grzbietami-do-dolu...---projekt-w-ksiegarniach-regionu-2638e.html\"><strong>Grzbietami do do\u0142u<\/strong><\/a><\/p>\n<p>To ci\u0105g spotka\u0144 animacyjnych w ksi\u0119garniach regionu maj\u0105cych na celu promowanie ksi\u0105\u017cki i czytelnictwa oraz ma\u0142ych ksi\u0119gar\u0144. W ramach tego projektu animatorzy z Fundacji Podlaskie Centrum Radiowe przygotuj\u0105 i przeprowadz\u0105 dwugodzinne warsztaty ksi\u0119garskie i czytelnicze w dw\u00f3ch spotkaniach: pierwsze b\u0119dzie dedykowane m\u0142odzie\u017cy i dzieciom, a drugie &#8211; doros\u0142ym i seniorom.<\/p>\n<p>Na uczestnik\u00f3w czekaj\u0105 ciekawe \u0107wiczenia, zagadki, konkursy z nagrodami i pe\u0142ne p\u00f3\u0142ki z ksi\u0105\u017ckami. Pierwsze spotkania ju\u017c w lipcu.<\/p>\n<p>Harmonogram najbli\u017cszych spotka\u0144 dla dzieci i m\u0142odzie\u017cy;<\/p>\n<p><a href=\"http:\/\/podlasie24.pl\/garwolin\/kultura\/zajecia-grzbietami-do-dolu-w-ksiegarni-madra-sowa-w-garwolinie-2644d.html\">3 lipca, 12:00-14:00 &#8211; M\u0105dra Sowa w Garwolinie, ul. Nadwodna 6<\/a><\/p>\n<p><a href=\"http:\/\/podlasie24.pl\/miasto-biala-podlaska\/kultura\/zajecia-grzbietami-do-dolu-w-bialskiej-ksiegarni-podlaska-264bb.html\">4 lipca, 134:00-15:00 &#8211; Podlaska w Bia\u0142ej Podlaskiej, ul. Warszawaska 1<\/a><\/p>\n<p><a href=\"http:\/\/podlasie24.pl\/siemiatycze\/region\/zajecia-grzbietami-do-dolu-w-ksiegarni-pod-kasztanem-w-siemiatyczach-264ee.html\">7 lipca, 11:30 &#8211; 13;30 &#8211; Ksi\u0119garnia Pod Kasztanem, ul. Pa\u0142acowa 14a w Siemiatyczach<\/a><\/p>\n<p>10 lipca, 12:30 &#8211; 14:30, &#8211;\u00a0 Kubu\u015b, ul.\u00a0 Rynek 10c w Radzyniu Podlaskim<\/p>\n<p>11 lipca, 13:00 &#8211; 15:00 &#8211; Krokus, ul. Ko\u015bciuszki 14 w Garwolinie<\/p>\n<p>14 lipca, 11:00 &#8211; 13:00\u00a0 &#8211; Ksi\u0119garnia Wsp\u00f3\u0142czesna w Siedlcach, ul. Katedralna 5<\/p>\n<p>Ksi\u0119garnia Pegaz w \u0141ukowie i Ksi\u0119garnia Pegaz w Radzyniu Podlaskim zaplanowa\u0142y spotkania z m\u0142odzie\u017c\u0105 i z dzie\u0107mi w pa\u017adzierniku<\/p>\n","protected":false},"excerpt":{"rendered":"<p>Rozpocz\u0119li\u015bmy dzia\u0142ania w projekcie dofinansowanym ze \u015brodk\u00f3w Ministerstwa Kultury i Dziedzictwa Narodowego pochodz\u0105cych z Funduszu Promocji Kultury Grzbietami do do\u0142u To ci\u0105g spotka\u0144 animacyjnych w ksi\u0119garniach regionu maj\u0105cych na celu promowanie ksi\u0105\u017cki i czytelnictwa oraz ma\u0142ych ksi\u0119gar\u0144. W ramach tego projektu animatorzy z Fundacji Podlaskie Centrum Radiowe przygotuj\u0105 i przeprowadz\u0105 dwugodzinne warsztaty ksi\u0119garskie i czytelnicze [&hellip;]<\/p>\n","protected":false},"author":4,"featured_media":0,"comment_status":"closed","ping_status":"closed","sticky":false,"template":"","format":"standard","meta":{"ngg_post_thumbnail":0},"categories":[4],"tags":[6,5,7],"_links":{"self":[{"href":"https:\/\/fundacja.radiopodlasie.pl\/index.php?rest_route=\/wp\/v2\/posts\/560"}],"collection":[{"href":"https:\/\/fundacja.radiopodlasie.pl\/index.php?rest_route=\/wp\/v2\/posts"}],"about":[{"href":"https:\/\/fundacja.radiopodlasie.pl\/index.php?rest_route=\/wp\/v2\/types\/post"}],"author":[{"embeddable":true,"href":"https:\/\/fundacja.radiopodlasie.pl\/index.php?rest_route=\/wp\/v2\/users\/4"}],"replies":[{"embeddable":true,"href":"https:\/\/fundacja.radiopodlasie.pl\/index.php?rest_route=%2Fwp%2Fv2%2Fcomments&post=560"}],"version-history":[{"count":4,"href":"https:\/\/fundacja.radiopodlasie.pl\/index.php?rest_route=\/wp\/v2\/posts\/560\/revisions"}],"predecessor-version":[{"id":567,"href":"https:\/\/fundacja.radiopodlasie.pl\/index.php?rest_route=\/wp\/v2\/posts\/560\/revisions\/567"}],"wp:attachment":[{"href":"https:\/\/fundacja.radiopodlasie.pl\/index.php?rest_route=%2Fwp%2Fv2%2Fmedia&parent=560"}],"wp:term":[{"taxonomy":"category","embeddable":true,"href":"https:\/\/fundacja.radiopodlasie.pl\/index.php?rest_route=%2Fwp%2Fv2%2Fcategories&post=560"},{"taxonomy":"post_tag","embeddable":true,"href":"https:\/\/fundacja.radiopodlasie.pl\/index.php?rest_route=%2Fwp%2Fv2%2Ftags&post=560"}],"curies":[{"name":"wp","href":"https:\/\/api.w.org\/{rel}","templated":true}]}}