{"id":568,"date":"2018-06-29T14:23:00","date_gmt":"2018-06-29T12:23:00","guid":{"rendered":"http:\/\/fundacja.radiopodlasie.pl\/?p=568"},"modified":"2018-07-05T12:10:46","modified_gmt":"2018-07-05T10:10:46","slug":"koncert-ks-stefana-ceberka-w-kodniu","status":"publish","type":"post","link":"https:\/\/fundacja.radiopodlasie.pl\/?p=568","title":{"rendered":"Koncert Ks. Stefana Ceberka w Kodniu"},"content":{"rendered":"<p><a href=\"http:\/\/fundacja.radiopodlasie.pl\/wp-content\/uploads\/2018\/06\/ceberek2.jpg\"><img decoding=\"async\" loading=\"lazy\" class=\"alignnone size-medium wp-image-569\" src=\"http:\/\/fundacja.radiopodlasie.pl\/wp-content\/uploads\/2018\/06\/ceberek2-300x199.jpg\" alt=\"\" width=\"300\" height=\"199\" \/><\/a><\/p>\n<p>Z okazji 26 rocznicy dzia\u0142alno\u015bci Katolickiego Radia Podlasie, 24 czerwca Fundacja PCR wspomog\u0142a organizacj\u0119 koncertu ks. Stefana Ceberka w Sanktuarium Maryjnym w Kodniu. Relacj\u0119 i zdj\u0119cia z tego wydarzenia mo\u017cna zobaczy\u0107 na portalu <a href=\"http:\/\/podlasie24.pl\/powiat-bialski\/kosciol\/koncert-ks.-stefana-ceberka-w-kodniu-zdjecia-26428.html\">podlasie24.pl<\/a><\/p>\n<p>Koncert zosta\u0142 zarejestrowany w formie <a href=\"http:\/\/podlasie24.pl\/powiat-bialski\/kosciol\/koncert-ks.-stefana-ceberka-w-kodniu-\/ogladaj\/-2644f.html\">filmu<\/a>.<\/p>\n","protected":false},"excerpt":{"rendered":"<p>Z okazji 26 rocznicy dzia\u0142alno\u015bci Katolickiego Radia Podlasie, 24 czerwca Fundacja PCR wspomog\u0142a organizacj\u0119 koncertu ks. Stefana Ceberka w Sanktuarium Maryjnym w Kodniu. Relacj\u0119 i zdj\u0119cia z tego wydarzenia mo\u017cna zobaczy\u0107 na portalu podlasie24.pl Koncert zosta\u0142 zarejestrowany w formie filmu.<\/p>\n","protected":false},"author":4,"featured_media":0,"comment_status":"closed","ping_status":"closed","sticky":false,"template":"","format":"standard","meta":{"ngg_post_thumbnail":0},"categories":[3],"tags":[9,8,10],"_links":{"self":[{"href":"https:\/\/fundacja.radiopodlasie.pl\/index.php?rest_route=\/wp\/v2\/posts\/568"}],"collection":[{"href":"https:\/\/fundacja.radiopodlasie.pl\/index.php?rest_route=\/wp\/v2\/posts"}],"about":[{"href":"https:\/\/fundacja.radiopodlasie.pl\/index.php?rest_route=\/wp\/v2\/types\/post"}],"author":[{"embeddable":true,"href":"https:\/\/fundacja.radiopodlasie.pl\/index.php?rest_route=\/wp\/v2\/users\/4"}],"replies":[{"embeddable":true,"href":"https:\/\/fundacja.radiopodlasie.pl\/index.php?rest_route=%2Fwp%2Fv2%2Fcomments&post=568"}],"version-history":[{"count":1,"href":"https:\/\/fundacja.radiopodlasie.pl\/index.php?rest_route=\/wp\/v2\/posts\/568\/revisions"}],"predecessor-version":[{"id":570,"href":"https:\/\/fundacja.radiopodlasie.pl\/index.php?rest_route=\/wp\/v2\/posts\/568\/revisions\/570"}],"wp:attachment":[{"href":"https:\/\/fundacja.radiopodlasie.pl\/index.php?rest_route=%2Fwp%2Fv2%2Fmedia&parent=568"}],"wp:term":[{"taxonomy":"category","embeddable":true,"href":"https:\/\/fundacja.radiopodlasie.pl\/index.php?rest_route=%2Fwp%2Fv2%2Fcategories&post=568"},{"taxonomy":"post_tag","embeddable":true,"href":"https:\/\/fundacja.radiopodlasie.pl\/index.php?rest_route=%2Fwp%2Fv2%2Ftags&post=568"}],"curies":[{"name":"wp","href":"https:\/\/api.w.org\/{rel}","templated":true}]}}