{"id":586,"date":"2018-07-05T11:27:39","date_gmt":"2018-07-05T09:27:39","guid":{"rendered":"http:\/\/fundacja.radiopodlasie.pl\/?p=586"},"modified":"2018-07-05T13:51:07","modified_gmt":"2018-07-05T11:51:07","slug":"grzbietami-do-dolu-w-ksiegarni-podlaska-w-bialej-podlaskiej","status":"publish","type":"post","link":"https:\/\/fundacja.radiopodlasie.pl\/?p=586","title":{"rendered":"&#8222;Grzbietami do do\u0142u&#8221; w ksi\u0119garni Podlaska w Bia\u0142ej Podlaskiej"},"content":{"rendered":"<p><a href=\"http:\/\/fundacja.radiopodlasie.pl\/wp-content\/uploads\/2018\/07\/P1140700.jpg\"><img decoding=\"async\" loading=\"lazy\" class=\"alignnone size-medium wp-image-587\" src=\"http:\/\/fundacja.radiopodlasie.pl\/wp-content\/uploads\/2018\/07\/P1140700-300x195.jpg\" alt=\"\" width=\"300\" height=\"195\" \/><\/a> <a href=\"http:\/\/fundacja.radiopodlasie.pl\/wp-content\/uploads\/2018\/07\/P1140681.jpg\"><img decoding=\"async\" loading=\"lazy\" class=\"alignnone size-medium wp-image-588\" src=\"http:\/\/fundacja.radiopodlasie.pl\/wp-content\/uploads\/2018\/07\/P1140681-300x207.jpg\" alt=\"\" width=\"300\" height=\"207\" \/><\/a> <a href=\"http:\/\/fundacja.radiopodlasie.pl\/wp-content\/uploads\/2018\/07\/P1140684.jpg\"><img decoding=\"async\" loading=\"lazy\" class=\"alignnone size-medium wp-image-589\" src=\"http:\/\/fundacja.radiopodlasie.pl\/wp-content\/uploads\/2018\/07\/P1140684-300x199.jpg\" alt=\"\" width=\"300\" height=\"199\" \/><\/a> <a href=\"http:\/\/fundacja.radiopodlasie.pl\/wp-content\/uploads\/2018\/07\/P1140692.jpg\"><img decoding=\"async\" loading=\"lazy\" class=\"alignnone size-medium wp-image-590\" src=\"http:\/\/fundacja.radiopodlasie.pl\/wp-content\/uploads\/2018\/07\/P1140692-300x207.jpg\" alt=\"\" width=\"300\" height=\"207\" \/><\/a> <a href=\"http:\/\/fundacja.radiopodlasie.pl\/wp-content\/uploads\/2018\/07\/P1140693.jpg\"><img decoding=\"async\" loading=\"lazy\" class=\"alignnone size-medium wp-image-591\" src=\"http:\/\/fundacja.radiopodlasie.pl\/wp-content\/uploads\/2018\/07\/P1140693-300x169.jpg\" alt=\"\" width=\"300\" height=\"169\" \/><\/a> <a href=\"http:\/\/fundacja.radiopodlasie.pl\/wp-content\/uploads\/2018\/07\/P1140695.jpg\"><img decoding=\"async\" loading=\"lazy\" class=\"alignnone size-medium wp-image-592\" src=\"http:\/\/fundacja.radiopodlasie.pl\/wp-content\/uploads\/2018\/07\/P1140695-300x207.jpg\" alt=\"\" width=\"300\" height=\"207\" \/><\/a><\/p>\n<p>4 lipca odby\u0142y si\u0119 <a href=\"http:\/\/podlasie24.pl\/miasto-biala-podlaska\/region\/grzbietami-do-dolu---dzialania-czytelnicze-w-ksiegarni-podlaska-w-bialej-podl.-26629.html\">zaj\u0119cia promuj\u0105ce ksi\u0105\u017ck\u0119 i czytelnictwo w ksi\u0119garni Podlaska w bia\u0142ej Podlaskiej<\/a>. Dzieci nauczy\u0142y si\u0119, w formie zabawy, jak szuka\u0107 ksi\u0105\u017cek w na p\u00f3\u0142kach, a dla ksi\u0119garza Fundacja PCR przygotowa\u0142a skrypt z poradami i refleksjami na temat prowadzenia ksi\u0119garni. Ka\u017cda ksi\u0119garnia bioraca udzia\u0142 w projekcie &#8222;Grzbietami do do\u0142u&#8221;dostaje do dalszej dzia\u0142alno\u015bci materia\u0142y wykorzystywane podczas dzia\u0142a\u0144: dwa podk\u0142ady pod dywan, dywan, zestaw 3 poduszek, skrypt z zestawem scenariuszy dzia\u0142a\u0144 animacyjnych skierowanych do dzieci i m\u0142odzie\u017cy, zak\u0142adki magnetyczne i zak\u0142adki kartonikowe oraz nagrody niewykorzystane w konkursach: lampki-klipsy na ksi\u0105\u017ck\u0119.<\/p>\n<p><a href=\"http:\/\/fundacja.radiopodlasie.pl\/wp-content\/uploads\/2018\/07\/mkidn_01_cmyk.jpg\"><img decoding=\"async\" loading=\"lazy\" class=\"alignnone wp-image-593\" src=\"http:\/\/fundacja.radiopodlasie.pl\/wp-content\/uploads\/2018\/07\/mkidn_01_cmyk-300x300.jpg\" alt=\"\" width=\"163\" height=\"163\" srcset=\"https:\/\/fundacja.radiopodlasie.pl\/wp-content\/uploads\/2018\/07\/mkidn_01_cmyk-300x300.jpg 300w, https:\/\/fundacja.radiopodlasie.pl\/wp-content\/uploads\/2018\/07\/mkidn_01_cmyk-150x150.jpg 150w, https:\/\/fundacja.radiopodlasie.pl\/wp-content\/uploads\/2018\/07\/mkidn_01_cmyk-768x768.jpg 768w, https:\/\/fundacja.radiopodlasie.pl\/wp-content\/uploads\/2018\/07\/mkidn_01_cmyk-1024x1024.jpg 1024w, https:\/\/fundacja.radiopodlasie.pl\/wp-content\/uploads\/2018\/07\/mkidn_01_cmyk-50x50.jpg 50w, https:\/\/fundacja.radiopodlasie.pl\/wp-content\/uploads\/2018\/07\/mkidn_01_cmyk.jpg 1323w\" sizes=\"(max-width: 163px) 100vw, 163px\" \/><\/a><\/p>\n<p>Dzia\u0142anie dofinansowano ze \u015brodk\u00f3w Ministerstwa Kultury i Dziedzictwa Narodowego pochodz\u0105cych z Funduszu Promocji Kultury<\/p>\n","protected":false},"excerpt":{"rendered":"<p>4 lipca odby\u0142y si\u0119 zaj\u0119cia promuj\u0105ce ksi\u0105\u017ck\u0119 i czytelnictwo w ksi\u0119garni Podlaska w bia\u0142ej Podlaskiej. Dzieci nauczy\u0142y si\u0119, w formie zabawy, jak szuka\u0107 ksi\u0105\u017cek w na p\u00f3\u0142kach, a dla ksi\u0119garza Fundacja PCR przygotowa\u0142a skrypt z poradami i refleksjami na temat prowadzenia ksi\u0119garni. Ka\u017cda ksi\u0119garnia bioraca udzia\u0142 w projekcie &#8222;Grzbietami do do\u0142u&#8221;dostaje do dalszej dzia\u0142alno\u015bci materia\u0142y [&hellip;]<\/p>\n","protected":false},"author":4,"featured_media":0,"comment_status":"closed","ping_status":"closed","sticky":false,"template":"","format":"standard","meta":{"ngg_post_thumbnail":0},"categories":[4],"tags":[13,12,14,11],"_links":{"self":[{"href":"https:\/\/fundacja.radiopodlasie.pl\/index.php?rest_route=\/wp\/v2\/posts\/586"}],"collection":[{"href":"https:\/\/fundacja.radiopodlasie.pl\/index.php?rest_route=\/wp\/v2\/posts"}],"about":[{"href":"https:\/\/fundacja.radiopodlasie.pl\/index.php?rest_route=\/wp\/v2\/types\/post"}],"author":[{"embeddable":true,"href":"https:\/\/fundacja.radiopodlasie.pl\/index.php?rest_route=\/wp\/v2\/users\/4"}],"replies":[{"embeddable":true,"href":"https:\/\/fundacja.radiopodlasie.pl\/index.php?rest_route=%2Fwp%2Fv2%2Fcomments&post=586"}],"version-history":[{"count":5,"href":"https:\/\/fundacja.radiopodlasie.pl\/index.php?rest_route=\/wp\/v2\/posts\/586\/revisions"}],"predecessor-version":[{"id":604,"href":"https:\/\/fundacja.radiopodlasie.pl\/index.php?rest_route=\/wp\/v2\/posts\/586\/revisions\/604"}],"wp:attachment":[{"href":"https:\/\/fundacja.radiopodlasie.pl\/index.php?rest_route=%2Fwp%2Fv2%2Fmedia&parent=586"}],"wp:term":[{"taxonomy":"category","embeddable":true,"href":"https:\/\/fundacja.radiopodlasie.pl\/index.php?rest_route=%2Fwp%2Fv2%2Fcategories&post=586"},{"taxonomy":"post_tag","embeddable":true,"href":"https:\/\/fundacja.radiopodlasie.pl\/index.php?rest_route=%2Fwp%2Fv2%2Ftags&post=586"}],"curies":[{"name":"wp","href":"https:\/\/api.w.org\/{rel}","templated":true}]}}