{"id":612,"date":"2018-07-09T11:17:30","date_gmt":"2018-07-09T09:17:30","guid":{"rendered":"http:\/\/fundacja.radiopodlasie.pl\/?p=612"},"modified":"2018-07-11T10:27:35","modified_gmt":"2018-07-11T08:27:35","slug":"grzbietami-do-dolu-w-siemiatyczach","status":"publish","type":"post","link":"https:\/\/fundacja.radiopodlasie.pl\/?p=612","title":{"rendered":"&#8222;Grzbietami do do\u0142u&#8221; w Siemiatyczach"},"content":{"rendered":"<p><a href=\"http:\/\/fundacja.radiopodlasie.pl\/wp-content\/uploads\/2018\/07\/P1140746.jpg\"><img decoding=\"async\" loading=\"lazy\" class=\"alignnone size-medium wp-image-613\" src=\"http:\/\/fundacja.radiopodlasie.pl\/wp-content\/uploads\/2018\/07\/P1140746-300x225.jpg\" alt=\"\" width=\"300\" height=\"225\" \/><\/a><a href=\"http:\/\/fundacja.radiopodlasie.pl\/wp-content\/uploads\/2018\/07\/P1140726.jpg\"><img decoding=\"async\" loading=\"lazy\" class=\"alignnone size-medium wp-image-630\" src=\"http:\/\/fundacja.radiopodlasie.pl\/wp-content\/uploads\/2018\/07\/P1140726-300x225.jpg\" alt=\"\" width=\"300\" height=\"225\" \/><\/a><a href=\"http:\/\/fundacja.radiopodlasie.pl\/wp-content\/uploads\/2018\/07\/P1140729.jpg\"><img decoding=\"async\" loading=\"lazy\" class=\"alignnone size-medium wp-image-631\" src=\"http:\/\/fundacja.radiopodlasie.pl\/wp-content\/uploads\/2018\/07\/P1140729-300x225.jpg\" alt=\"\" width=\"300\" height=\"225\" \/><\/a><a href=\"http:\/\/fundacja.radiopodlasie.pl\/wp-content\/uploads\/2018\/07\/P1140734.jpg\"><img decoding=\"async\" loading=\"lazy\" class=\"alignnone size-medium wp-image-632\" src=\"http:\/\/fundacja.radiopodlasie.pl\/wp-content\/uploads\/2018\/07\/P1140734-300x225.jpg\" alt=\"\" width=\"300\" height=\"225\" \/><\/a><a href=\"http:\/\/fundacja.radiopodlasie.pl\/wp-content\/uploads\/2018\/07\/P1140744.jpg\"><img decoding=\"async\" loading=\"lazy\" class=\"alignnone size-medium wp-image-633\" src=\"http:\/\/fundacja.radiopodlasie.pl\/wp-content\/uploads\/2018\/07\/P1140744-300x225.jpg\" alt=\"\" width=\"300\" height=\"225\" \/><\/a><a href=\"http:\/\/fundacja.radiopodlasie.pl\/wp-content\/uploads\/2018\/07\/P1140745.jpg\"><img decoding=\"async\" loading=\"lazy\" class=\"alignnone size-medium wp-image-634\" src=\"http:\/\/fundacja.radiopodlasie.pl\/wp-content\/uploads\/2018\/07\/P1140745-300x216.jpg\" alt=\"\" width=\"300\" height=\"216\" \/><\/a><a href=\"http:\/\/fundacja.radiopodlasie.pl\/wp-content\/uploads\/2018\/07\/P1140747.jpg\"><img decoding=\"async\" loading=\"lazy\" class=\"alignnone size-medium wp-image-635\" src=\"http:\/\/fundacja.radiopodlasie.pl\/wp-content\/uploads\/2018\/07\/P1140747-300x225.jpg\" alt=\"\" width=\"300\" height=\"225\" \/><\/a><a href=\"http:\/\/fundacja.radiopodlasie.pl\/wp-content\/uploads\/2018\/07\/P1140752.jpg\"><img decoding=\"async\" loading=\"lazy\" class=\"alignnone size-medium wp-image-636\" src=\"http:\/\/fundacja.radiopodlasie.pl\/wp-content\/uploads\/2018\/07\/P1140752-300x225.jpg\" alt=\"\" width=\"300\" height=\"225\" \/><\/a><a href=\"http:\/\/fundacja.radiopodlasie.pl\/wp-content\/uploads\/2018\/07\/P1140754.jpg\"><img decoding=\"async\" loading=\"lazy\" class=\"alignnone size-medium wp-image-637\" src=\"http:\/\/fundacja.radiopodlasie.pl\/wp-content\/uploads\/2018\/07\/P1140754-300x225.jpg\" alt=\"\" width=\"300\" height=\"225\" \/><\/a><a href=\"http:\/\/fundacja.radiopodlasie.pl\/wp-content\/uploads\/2018\/07\/P1140755.jpg\"><img decoding=\"async\" loading=\"lazy\" class=\"alignnone size-medium wp-image-638\" src=\"http:\/\/fundacja.radiopodlasie.pl\/wp-content\/uploads\/2018\/07\/P1140755-300x225.jpg\" alt=\"\" width=\"300\" height=\"225\" \/><\/a><a href=\"http:\/\/fundacja.radiopodlasie.pl\/wp-content\/uploads\/2018\/07\/P1140756.jpg\"><img decoding=\"async\" loading=\"lazy\" class=\"alignnone size-medium wp-image-639\" src=\"http:\/\/fundacja.radiopodlasie.pl\/wp-content\/uploads\/2018\/07\/P1140756-300x225.jpg\" alt=\"\" width=\"300\" height=\"225\" \/><\/a><a href=\"http:\/\/fundacja.radiopodlasie.pl\/wp-content\/uploads\/2018\/07\/P1140760.jpg\"><img decoding=\"async\" loading=\"lazy\" class=\"alignnone size-medium wp-image-640\" src=\"http:\/\/fundacja.radiopodlasie.pl\/wp-content\/uploads\/2018\/07\/P1140760-300x239.jpg\" alt=\"\" width=\"300\" height=\"239\" \/><\/a><a href=\"http:\/\/fundacja.radiopodlasie.pl\/wp-content\/uploads\/2018\/07\/P1140762.jpg\"><img decoding=\"async\" loading=\"lazy\" class=\"alignnone size-medium wp-image-641\" src=\"http:\/\/fundacja.radiopodlasie.pl\/wp-content\/uploads\/2018\/07\/P1140762-176x300.jpg\" alt=\"\" width=\"176\" height=\"300\" \/><\/a><a href=\"http:\/\/fundacja.radiopodlasie.pl\/wp-content\/uploads\/2018\/07\/P1140765.jpg\"><img decoding=\"async\" loading=\"lazy\" class=\"alignnone size-medium wp-image-642\" src=\"http:\/\/fundacja.radiopodlasie.pl\/wp-content\/uploads\/2018\/07\/P1140765-173x300.jpg\" alt=\"\" width=\"173\" height=\"300\" \/><\/a><a href=\"http:\/\/fundacja.radiopodlasie.pl\/wp-content\/uploads\/2018\/07\/P1140772.jpg\"><img decoding=\"async\" loading=\"lazy\" class=\"alignnone size-medium wp-image-643\" src=\"http:\/\/fundacja.radiopodlasie.pl\/wp-content\/uploads\/2018\/07\/P1140772-165x300.jpg\" alt=\"\" width=\"165\" height=\"300\" \/><\/a><\/p>\n<p>7 lipca dzia\u0142ania projektu <a href=\"http:\/\/podlasie24.pl\/siemiatycze\/region\/grzbietami-do-dolu-polozyli-ksiazki-w-siemiatyckiej-ksiegarni-pod-kasztanem-26696.html\">&#8222;Grzbietami do do\u0142u&#8221; przenios\u0142y si\u0119 do Siemiatycz. <\/a>Tu wykorzystana zosta\u0142a przestrze\u0144 przyleg\u0142a do &#8222;Ksiegarni Pod Kasztanem&#8221;. Na dywanach i podk\u0142adach, w\u015br\u00f3d poduszek rozgo\u015bcili si\u0119 m\u0142odzi i m\u0142odsi oraz zupe\u0142nie najm\u0142odsi uczestnicy zaj\u0119\u0107, wspierani przez rodzic\u00f3w i opiekun\u00f3w. Podczas dwugodzinnego dy\u017curu animacyjnego dzieci ch\u0119tnie poznawa\u0142y tajniki ksi\u0105\u017cek, tworzy\u0142y i prezentowa\u0142y inspirowane ksi\u0105\u017ck\u0105 teksty i ilustracje.<\/p>\n<p>Czytanie fragmentu ksi\u0105\u017cki [1]<\/p>\n<!--[if lt IE 9]><script>document.createElement('audio');<\/script><![endif]-->\n<audio class=\"wp-audio-shortcode\" id=\"audio-612-1\" preload=\"none\" style=\"width: 100%;\" controls=\"controls\"><source type=\"audio\/mpeg\" src=\"http:\/\/fundacja.radiopodlasie.pl\/wp-content\/uploads\/2018\/07\/fragment-ksi\u0105zki_1.mp3?_=1\" \/><a href=\"http:\/\/fundacja.radiopodlasie.pl\/wp-content\/uploads\/2018\/07\/fragment-ksi\u0105zki_1.mp3\">http:\/\/fundacja.radiopodlasie.pl\/wp-content\/uploads\/2018\/07\/fragment-ksi\u0105zki_1.mp3<\/a><\/audio>\n<p>Czytanie fragmentu ksi\u0105\u017cki [2]<\/p>\n<audio class=\"wp-audio-shortcode\" id=\"audio-612-2\" preload=\"none\" style=\"width: 100%;\" controls=\"controls\"><source type=\"audio\/mpeg\" src=\"http:\/\/fundacja.radiopodlasie.pl\/wp-content\/uploads\/2018\/07\/fragment-ksi\u0105\u017cki_2.mp3?_=2\" \/><a href=\"http:\/\/fundacja.radiopodlasie.pl\/wp-content\/uploads\/2018\/07\/fragment-ksi\u0105\u017cki_2.mp3\">http:\/\/fundacja.radiopodlasie.pl\/wp-content\/uploads\/2018\/07\/fragment-ksi\u0105\u017cki_2.mp3<\/a><\/audio>\n<p>Historyjka u\u0142o\u017cona i przeczytana przez dziecko\u00a0 polonijne przebywaj\u0105ce w Polsce na wakacjach<\/p>\n<audio class=\"wp-audio-shortcode\" id=\"audio-612-3\" preload=\"none\" style=\"width: 100%;\" controls=\"controls\"><source type=\"audio\/mpeg\" src=\"http:\/\/fundacja.radiopodlasie.pl\/wp-content\/uploads\/2018\/07\/historyjka-dziecka-z-zagranicy_polonia-na-wakacjach.mp3?_=3\" \/><a href=\"http:\/\/fundacja.radiopodlasie.pl\/wp-content\/uploads\/2018\/07\/historyjka-dziecka-z-zagranicy_polonia-na-wakacjach.mp3\">http:\/\/fundacja.radiopodlasie.pl\/wp-content\/uploads\/2018\/07\/historyjka-dziecka-z-zagranicy_polonia-na-wakacjach.mp3<\/a><\/audio>\n<p>Czytanie poprawionej historyjki.<\/p>\n<audio class=\"wp-audio-shortcode\" id=\"audio-612-4\" preload=\"none\" style=\"width: 100%;\" controls=\"controls\"><source type=\"audio\/mpeg\" src=\"http:\/\/fundacja.radiopodlasie.pl\/wp-content\/uploads\/2018\/07\/historyjka-poprawiona_5.mp3?_=4\" \/><a href=\"http:\/\/fundacja.radiopodlasie.pl\/wp-content\/uploads\/2018\/07\/historyjka-poprawiona_5.mp3\">http:\/\/fundacja.radiopodlasie.pl\/wp-content\/uploads\/2018\/07\/historyjka-poprawiona_5.mp3<\/a><\/audio>\n<p>Prezentacja historyjki [1]<\/p>\n<audio class=\"wp-audio-shortcode\" id=\"audio-612-5\" preload=\"none\" style=\"width: 100%;\" controls=\"controls\"><source type=\"audio\/mpeg\" src=\"http:\/\/fundacja.radiopodlasie.pl\/wp-content\/uploads\/2018\/07\/historyjka_1.mp3?_=5\" \/><a href=\"http:\/\/fundacja.radiopodlasie.pl\/wp-content\/uploads\/2018\/07\/historyjka_1.mp3\">http:\/\/fundacja.radiopodlasie.pl\/wp-content\/uploads\/2018\/07\/historyjka_1.mp3<\/a><\/audio>\n<p>Prezentacja historyjki [2]<\/p>\n<audio class=\"wp-audio-shortcode\" id=\"audio-612-6\" preload=\"none\" style=\"width: 100%;\" controls=\"controls\"><source type=\"audio\/mpeg\" src=\"http:\/\/fundacja.radiopodlasie.pl\/wp-content\/uploads\/2018\/07\/historyjka_2.mp3?_=6\" \/><a href=\"http:\/\/fundacja.radiopodlasie.pl\/wp-content\/uploads\/2018\/07\/historyjka_2.mp3\">http:\/\/fundacja.radiopodlasie.pl\/wp-content\/uploads\/2018\/07\/historyjka_2.mp3<\/a><\/audio>\n<p>Prezentacja historyjki [3]<\/p>\n<audio class=\"wp-audio-shortcode\" id=\"audio-612-7\" preload=\"none\" style=\"width: 100%;\" controls=\"controls\"><source type=\"audio\/mpeg\" src=\"http:\/\/fundacja.radiopodlasie.pl\/wp-content\/uploads\/2018\/07\/historyjka_3.mp3?_=7\" \/><a href=\"http:\/\/fundacja.radiopodlasie.pl\/wp-content\/uploads\/2018\/07\/historyjka_3.mp3\">http:\/\/fundacja.radiopodlasie.pl\/wp-content\/uploads\/2018\/07\/historyjka_3.mp3<\/a><\/audio>\n<p>Prezentacja historyjki [4]<\/p>\n<audio class=\"wp-audio-shortcode\" id=\"audio-612-8\" preload=\"none\" style=\"width: 100%;\" controls=\"controls\"><source type=\"audio\/mpeg\" src=\"http:\/\/fundacja.radiopodlasie.pl\/wp-content\/uploads\/2018\/07\/historyjka_4.mp3?_=8\" \/><a href=\"http:\/\/fundacja.radiopodlasie.pl\/wp-content\/uploads\/2018\/07\/historyjka_4.mp3\">http:\/\/fundacja.radiopodlasie.pl\/wp-content\/uploads\/2018\/07\/historyjka_4.mp3<\/a><\/audio>\n<p>Prezentacja historyjki [5]<\/p>\n<audio class=\"wp-audio-shortcode\" id=\"audio-612-9\" preload=\"none\" style=\"width: 100%;\" controls=\"controls\"><source type=\"audio\/mpeg\" src=\"http:\/\/fundacja.radiopodlasie.pl\/wp-content\/uploads\/2018\/07\/historyjka_5.mp3?_=9\" \/><a href=\"http:\/\/fundacja.radiopodlasie.pl\/wp-content\/uploads\/2018\/07\/historyjka_5.mp3\">http:\/\/fundacja.radiopodlasie.pl\/wp-content\/uploads\/2018\/07\/historyjka_5.mp3<\/a><\/audio>\n<p>Prezentacja historyjki [6]<\/p>\n<audio class=\"wp-audio-shortcode\" id=\"audio-612-10\" preload=\"none\" style=\"width: 100%;\" controls=\"controls\"><source type=\"audio\/mpeg\" src=\"http:\/\/fundacja.radiopodlasie.pl\/wp-content\/uploads\/2018\/07\/historyjka_6.mp3?_=10\" \/><a href=\"http:\/\/fundacja.radiopodlasie.pl\/wp-content\/uploads\/2018\/07\/historyjka_6.mp3\">http:\/\/fundacja.radiopodlasie.pl\/wp-content\/uploads\/2018\/07\/historyjka_6.mp3<\/a><\/audio>\n<p>Prezentacja historyjki [8]<\/p>\n<audio class=\"wp-audio-shortcode\" id=\"audio-612-11\" preload=\"none\" style=\"width: 100%;\" controls=\"controls\"><source type=\"audio\/mpeg\" src=\"http:\/\/fundacja.radiopodlasie.pl\/wp-content\/uploads\/2018\/07\/historyjka_8.mp3?_=11\" \/><a href=\"http:\/\/fundacja.radiopodlasie.pl\/wp-content\/uploads\/2018\/07\/historyjka_8.mp3\">http:\/\/fundacja.radiopodlasie.pl\/wp-content\/uploads\/2018\/07\/historyjka_8.mp3<\/a><\/audio>\n<p>Prezentacja historyjki przy pomocy mamy [7]<\/p>\n<audio class=\"wp-audio-shortcode\" id=\"audio-612-12\" preload=\"none\" style=\"width: 100%;\" controls=\"controls\"><source type=\"audio\/mpeg\" src=\"http:\/\/fundacja.radiopodlasie.pl\/wp-content\/uploads\/2018\/07\/historyjk\u0119-mama-czyta_7.mp3?_=12\" \/><a href=\"http:\/\/fundacja.radiopodlasie.pl\/wp-content\/uploads\/2018\/07\/historyjk\u0119-mama-czyta_7.mp3\">http:\/\/fundacja.radiopodlasie.pl\/wp-content\/uploads\/2018\/07\/historyjk\u0119-mama-czyta_7.mp3<\/a><\/audio>\n<p>Recenzja ksi\u0105\u017cki<\/p>\n<audio class=\"wp-audio-shortcode\" id=\"audio-612-13\" preload=\"none\" style=\"width: 100%;\" controls=\"controls\"><source type=\"audio\/mpeg\" src=\"http:\/\/fundacja.radiopodlasie.pl\/wp-content\/uploads\/2018\/07\/recenzja-ksi\u0105\u017cki_1.mp3?_=13\" \/><a href=\"http:\/\/fundacja.radiopodlasie.pl\/wp-content\/uploads\/2018\/07\/recenzja-ksi\u0105\u017cki_1.mp3\">http:\/\/fundacja.radiopodlasie.pl\/wp-content\/uploads\/2018\/07\/recenzja-ksi\u0105\u017cki_1.mp3<\/a><\/audio>\n<p>Wiersz czytany do sp\u00f3\u0142ki<\/p>\n<audio class=\"wp-audio-shortcode\" id=\"audio-612-14\" preload=\"none\" style=\"width: 100%;\" controls=\"controls\"><source type=\"audio\/mpeg\" src=\"http:\/\/fundacja.radiopodlasie.pl\/wp-content\/uploads\/2018\/07\/wiersz_1.mp3?_=14\" \/><a href=\"http:\/\/fundacja.radiopodlasie.pl\/wp-content\/uploads\/2018\/07\/wiersz_1.mp3\">http:\/\/fundacja.radiopodlasie.pl\/wp-content\/uploads\/2018\/07\/wiersz_1.mp3<\/a><\/audio>\n<p>Wiersz &#8222;Grzbietami do do\u0142u&#8221;<\/p>\n<audio class=\"wp-audio-shortcode\" id=\"audio-612-15\" preload=\"none\" style=\"width: 100%;\" controls=\"controls\"><source type=\"audio\/mpeg\" src=\"http:\/\/fundacja.radiopodlasie.pl\/wp-content\/uploads\/2018\/07\/wiersz_2.mp3?_=15\" \/><a href=\"http:\/\/fundacja.radiopodlasie.pl\/wp-content\/uploads\/2018\/07\/wiersz_2.mp3\">http:\/\/fundacja.radiopodlasie.pl\/wp-content\/uploads\/2018\/07\/wiersz_2.mp3<\/a><\/audio>\n<p>&nbsp;<\/p>\n<p>Dofinansowano ze \u015brodk\u00f3w Ministerstwa Kultury i Dziedzictwa Narodowego pochodz\u0105cych z Funduszu Promocji Kultury<\/p>\n<p><a href=\"http:\/\/fundacja.radiopodlasie.pl\/wp-content\/uploads\/2018\/07\/mkidn_01_cmyk.jpg\"><img decoding=\"async\" loading=\"lazy\" class=\"alignnone size-medium wp-image-593\" src=\"http:\/\/fundacja.radiopodlasie.pl\/wp-content\/uploads\/2018\/07\/mkidn_01_cmyk-300x300.jpg\" alt=\"\" width=\"300\" height=\"300\" srcset=\"https:\/\/fundacja.radiopodlasie.pl\/wp-content\/uploads\/2018\/07\/mkidn_01_cmyk-300x300.jpg 300w, https:\/\/fundacja.radiopodlasie.pl\/wp-content\/uploads\/2018\/07\/mkidn_01_cmyk-150x150.jpg 150w, https:\/\/fundacja.radiopodlasie.pl\/wp-content\/uploads\/2018\/07\/mkidn_01_cmyk-768x768.jpg 768w, https:\/\/fundacja.radiopodlasie.pl\/wp-content\/uploads\/2018\/07\/mkidn_01_cmyk-1024x1024.jpg 1024w, https:\/\/fundacja.radiopodlasie.pl\/wp-content\/uploads\/2018\/07\/mkidn_01_cmyk-50x50.jpg 50w, https:\/\/fundacja.radiopodlasie.pl\/wp-content\/uploads\/2018\/07\/mkidn_01_cmyk.jpg 1323w\" sizes=\"(max-width: 300px) 100vw, 300px\" \/><\/a><\/p>\n","protected":false},"excerpt":{"rendered":"<p>7 lipca dzia\u0142ania projektu &#8222;Grzbietami do do\u0142u&#8221; przenios\u0142y si\u0119 do Siemiatycz. Tu wykorzystana zosta\u0142a przestrze\u0144 przyleg\u0142a do &#8222;Ksiegarni Pod Kasztanem&#8221;. Na dywanach i podk\u0142adach, w\u015br\u00f3d poduszek rozgo\u015bcili si\u0119 m\u0142odzi i m\u0142odsi oraz zupe\u0142nie najm\u0142odsi uczestnicy zaj\u0119\u0107, wspierani przez rodzic\u00f3w i opiekun\u00f3w. Podczas dwugodzinnego dy\u017curu animacyjnego dzieci ch\u0119tnie poznawa\u0142y tajniki ksi\u0105\u017cek, tworzy\u0142y i prezentowa\u0142y inspirowane ksi\u0105\u017ck\u0105 [&hellip;]<\/p>\n","protected":false},"author":4,"featured_media":0,"comment_status":"closed","ping_status":"closed","sticky":false,"template":"","format":"standard","meta":{"ngg_post_thumbnail":0},"categories":[4],"tags":[18,14,5,16,19,20,21],"_links":{"self":[{"href":"https:\/\/fundacja.radiopodlasie.pl\/index.php?rest_route=\/wp\/v2\/posts\/612"}],"collection":[{"href":"https:\/\/fundacja.radiopodlasie.pl\/index.php?rest_route=\/wp\/v2\/posts"}],"about":[{"href":"https:\/\/fundacja.radiopodlasie.pl\/index.php?rest_route=\/wp\/v2\/types\/post"}],"author":[{"embeddable":true,"href":"https:\/\/fundacja.radiopodlasie.pl\/index.php?rest_route=\/wp\/v2\/users\/4"}],"replies":[{"embeddable":true,"href":"https:\/\/fundacja.radiopodlasie.pl\/index.php?rest_route=%2Fwp%2Fv2%2Fcomments&post=612"}],"version-history":[{"count":6,"href":"https:\/\/fundacja.radiopodlasie.pl\/index.php?rest_route=\/wp\/v2\/posts\/612\/revisions"}],"predecessor-version":[{"id":644,"href":"https:\/\/fundacja.radiopodlasie.pl\/index.php?rest_route=\/wp\/v2\/posts\/612\/revisions\/644"}],"wp:attachment":[{"href":"https:\/\/fundacja.radiopodlasie.pl\/index.php?rest_route=%2Fwp%2Fv2%2Fmedia&parent=612"}],"wp:term":[{"taxonomy":"category","embeddable":true,"href":"https:\/\/fundacja.radiopodlasie.pl\/index.php?rest_route=%2Fwp%2Fv2%2Fcategories&post=612"},{"taxonomy":"post_tag","embeddable":true,"href":"https:\/\/fundacja.radiopodlasie.pl\/index.php?rest_route=%2Fwp%2Fv2%2Ftags&post=612"}],"curies":[{"name":"wp","href":"https:\/\/api.w.org\/{rel}","templated":true}]}}