{"id":649,"date":"2018-07-11T10:45:42","date_gmt":"2018-07-11T08:45:42","guid":{"rendered":"http:\/\/fundacja.radiopodlasie.pl\/?p=649"},"modified":"2018-10-19T13:30:43","modified_gmt":"2018-10-19T11:30:43","slug":"grzbietami-do-dolu-w-radzyniu-podlaskim","status":"publish","type":"post","link":"https:\/\/fundacja.radiopodlasie.pl\/?p=649","title":{"rendered":"&#8222;Grzbietami do do\u0142u&#8221; w Radzyniu Podlaskim"},"content":{"rendered":"<p><a href=\"http:\/\/fundacja.radiopodlasie.pl\/wp-content\/uploads\/2018\/07\/P1140889.jpg\"><img decoding=\"async\" loading=\"lazy\" class=\"alignnone size-medium wp-image-1013\" src=\"http:\/\/fundacja.radiopodlasie.pl\/wp-content\/uploads\/2018\/07\/P1140889-300x225.jpg\" alt=\"\" width=\"300\" height=\"225\" srcset=\"https:\/\/fundacja.radiopodlasie.pl\/wp-content\/uploads\/2018\/07\/P1140889-300x225.jpg 300w, https:\/\/fundacja.radiopodlasie.pl\/wp-content\/uploads\/2018\/07\/P1140889-768x576.jpg 768w, https:\/\/fundacja.radiopodlasie.pl\/wp-content\/uploads\/2018\/07\/P1140889.jpg 800w\" sizes=\"(max-width: 300px) 100vw, 300px\" \/><\/a> <a href=\"http:\/\/fundacja.radiopodlasie.pl\/wp-content\/uploads\/2018\/07\/P1140851.jpg\"><img decoding=\"async\" loading=\"lazy\" class=\"alignnone size-medium wp-image-1011\" src=\"http:\/\/fundacja.radiopodlasie.pl\/wp-content\/uploads\/2018\/07\/P1140851-300x225.jpg\" alt=\"\" width=\"300\" height=\"225\" srcset=\"https:\/\/fundacja.radiopodlasie.pl\/wp-content\/uploads\/2018\/07\/P1140851-300x225.jpg 300w, https:\/\/fundacja.radiopodlasie.pl\/wp-content\/uploads\/2018\/07\/P1140851-768x576.jpg 768w, https:\/\/fundacja.radiopodlasie.pl\/wp-content\/uploads\/2018\/07\/P1140851.jpg 800w\" sizes=\"(max-width: 300px) 100vw, 300px\" \/><\/a> <a href=\"http:\/\/fundacja.radiopodlasie.pl\/wp-content\/uploads\/2018\/07\/P1140849.jpg\"><img decoding=\"async\" loading=\"lazy\" class=\"alignnone size-medium wp-image-1009\" src=\"http:\/\/fundacja.radiopodlasie.pl\/wp-content\/uploads\/2018\/07\/P1140849-300x225.jpg\" alt=\"\" width=\"300\" height=\"225\" srcset=\"https:\/\/fundacja.radiopodlasie.pl\/wp-content\/uploads\/2018\/07\/P1140849-300x225.jpg 300w, https:\/\/fundacja.radiopodlasie.pl\/wp-content\/uploads\/2018\/07\/P1140849-768x576.jpg 768w, https:\/\/fundacja.radiopodlasie.pl\/wp-content\/uploads\/2018\/07\/P1140849.jpg 800w\" sizes=\"(max-width: 300px) 100vw, 300px\" \/><\/a> <a href=\"http:\/\/fundacja.radiopodlasie.pl\/wp-content\/uploads\/2018\/07\/P1140839.jpg\"><img decoding=\"async\" loading=\"lazy\" class=\"alignnone size-medium wp-image-1008\" src=\"http:\/\/fundacja.radiopodlasie.pl\/wp-content\/uploads\/2018\/07\/P1140839-300x225.jpg\" alt=\"\" width=\"300\" height=\"225\" srcset=\"https:\/\/fundacja.radiopodlasie.pl\/wp-content\/uploads\/2018\/07\/P1140839-300x225.jpg 300w, https:\/\/fundacja.radiopodlasie.pl\/wp-content\/uploads\/2018\/07\/P1140839-768x576.jpg 768w, https:\/\/fundacja.radiopodlasie.pl\/wp-content\/uploads\/2018\/07\/P1140839.jpg 800w\" sizes=\"(max-width: 300px) 100vw, 300px\" \/><\/a> <a href=\"http:\/\/fundacja.radiopodlasie.pl\/wp-content\/uploads\/2018\/07\/P1140834.jpg\"><img decoding=\"async\" loading=\"lazy\" class=\"alignnone size-medium wp-image-1007\" src=\"http:\/\/fundacja.radiopodlasie.pl\/wp-content\/uploads\/2018\/07\/P1140834-300x225.jpg\" alt=\"\" width=\"300\" height=\"225\" srcset=\"https:\/\/fundacja.radiopodlasie.pl\/wp-content\/uploads\/2018\/07\/P1140834-300x225.jpg 300w, https:\/\/fundacja.radiopodlasie.pl\/wp-content\/uploads\/2018\/07\/P1140834-768x576.jpg 768w, https:\/\/fundacja.radiopodlasie.pl\/wp-content\/uploads\/2018\/07\/P1140834.jpg 800w\" sizes=\"(max-width: 300px) 100vw, 300px\" \/><\/a> <a href=\"http:\/\/fundacja.radiopodlasie.pl\/wp-content\/uploads\/2018\/07\/P1140814.jpg\"><img decoding=\"async\" loading=\"lazy\" class=\"alignnone size-medium wp-image-1006\" src=\"http:\/\/fundacja.radiopodlasie.pl\/wp-content\/uploads\/2018\/07\/P1140814-300x225.jpg\" alt=\"\" width=\"300\" height=\"225\" srcset=\"https:\/\/fundacja.radiopodlasie.pl\/wp-content\/uploads\/2018\/07\/P1140814-300x225.jpg 300w, https:\/\/fundacja.radiopodlasie.pl\/wp-content\/uploads\/2018\/07\/P1140814-768x576.jpg 768w, https:\/\/fundacja.radiopodlasie.pl\/wp-content\/uploads\/2018\/07\/P1140814.jpg 800w\" sizes=\"(max-width: 300px) 100vw, 300px\" \/><\/a> <a href=\"http:\/\/fundacja.radiopodlasie.pl\/wp-content\/uploads\/2018\/07\/P1140813.jpg\"><img decoding=\"async\" loading=\"lazy\" class=\"alignnone size-medium wp-image-1005\" src=\"http:\/\/fundacja.radiopodlasie.pl\/wp-content\/uploads\/2018\/07\/P1140813-300x225.jpg\" alt=\"\" width=\"300\" height=\"225\" srcset=\"https:\/\/fundacja.radiopodlasie.pl\/wp-content\/uploads\/2018\/07\/P1140813-300x225.jpg 300w, https:\/\/fundacja.radiopodlasie.pl\/wp-content\/uploads\/2018\/07\/P1140813-768x576.jpg 768w, https:\/\/fundacja.radiopodlasie.pl\/wp-content\/uploads\/2018\/07\/P1140813.jpg 800w\" sizes=\"(max-width: 300px) 100vw, 300px\" \/><\/a><\/p>\n<p>10 lipca na dywanie\u00a0 &#8222;Grzbietami do do\u0142u&#8221; przed ksi\u0119garni\u0105 Kubu\u015b rozsiad\u0142y si\u0119 dzieci z Radzynia Podlaskiego. Podczas dzia\u0142a\u0144 animacyjnych przejrza\u0142y zawarto\u015b\u0107 p\u00f3\u0142ek z ksi\u0105\u017ckami dla dzieci i m\u0142odzie\u017cy, rozsmakowa\u0142y si\u0119 w lekturze wybranych w drodze negocjacji r\u00f3wie\u015bniczej ksi\u0105\u017cek, w\u0142\u0105czy\u0142y si\u0119 w konkursy i zabawy. W ramach spotkania, ksi\u0119garz w\u0142\u0105czy\u0142 si\u0119 w analiz\u0119 potencja\u0142u ksi\u0119garni i podzieli\u0142 si\u0119 ciekawymi i cennymi spostrze\u017ceniami na temat prowadzenia ma\u0142ej ksi\u0119garni z koordynatorem projektu.<\/p>\n<p><a href=\"http:\/\/fundacja.radiopodlasie.pl\/wp-content\/uploads\/2018\/07\/mkidn_01_cmyk.jpg\"><img decoding=\"async\" loading=\"lazy\" class=\"alignnone size-medium wp-image-593\" src=\"http:\/\/fundacja.radiopodlasie.pl\/wp-content\/uploads\/2018\/07\/mkidn_01_cmyk-300x300.jpg\" alt=\"\" width=\"300\" height=\"300\" srcset=\"https:\/\/fundacja.radiopodlasie.pl\/wp-content\/uploads\/2018\/07\/mkidn_01_cmyk-300x300.jpg 300w, https:\/\/fundacja.radiopodlasie.pl\/wp-content\/uploads\/2018\/07\/mkidn_01_cmyk-150x150.jpg 150w, https:\/\/fundacja.radiopodlasie.pl\/wp-content\/uploads\/2018\/07\/mkidn_01_cmyk-768x768.jpg 768w, https:\/\/fundacja.radiopodlasie.pl\/wp-content\/uploads\/2018\/07\/mkidn_01_cmyk-1024x1024.jpg 1024w, https:\/\/fundacja.radiopodlasie.pl\/wp-content\/uploads\/2018\/07\/mkidn_01_cmyk-50x50.jpg 50w, https:\/\/fundacja.radiopodlasie.pl\/wp-content\/uploads\/2018\/07\/mkidn_01_cmyk.jpg 1323w\" sizes=\"(max-width: 300px) 100vw, 300px\" \/><\/a><\/p>\n<p>Dzia\u0142anie dofinansowano ze \u015brodk\u00f3w Ministerstwa Kultury i Dziedzictwa Narodowego pochodz\u0105cych z Funduszu Promocji Kultury<\/p>\n","protected":false},"excerpt":{"rendered":"<p>10 lipca na dywanie\u00a0 &#8222;Grzbietami do do\u0142u&#8221; przed ksi\u0119garni\u0105 Kubu\u015b rozsiad\u0142y si\u0119 dzieci z Radzynia Podlaskiego. Podczas dzia\u0142a\u0144 animacyjnych przejrza\u0142y zawarto\u015b\u0107 p\u00f3\u0142ek z ksi\u0105\u017ckami dla dzieci i m\u0142odzie\u017cy, rozsmakowa\u0142y si\u0119 w lekturze wybranych w drodze negocjacji r\u00f3wie\u015bniczej ksi\u0105\u017cek, w\u0142\u0105czy\u0142y si\u0119 w konkursy i zabawy. W ramach spotkania, ksi\u0119garz w\u0142\u0105czy\u0142 si\u0119 w analiz\u0119 potencja\u0142u ksi\u0119garni i [&hellip;]<\/p>\n","protected":false},"author":4,"featured_media":0,"comment_status":"closed","ping_status":"closed","sticky":false,"template":"","format":"standard","meta":{"ngg_post_thumbnail":0},"categories":[4],"tags":[],"_links":{"self":[{"href":"https:\/\/fundacja.radiopodlasie.pl\/index.php?rest_route=\/wp\/v2\/posts\/649"}],"collection":[{"href":"https:\/\/fundacja.radiopodlasie.pl\/index.php?rest_route=\/wp\/v2\/posts"}],"about":[{"href":"https:\/\/fundacja.radiopodlasie.pl\/index.php?rest_route=\/wp\/v2\/types\/post"}],"author":[{"embeddable":true,"href":"https:\/\/fundacja.radiopodlasie.pl\/index.php?rest_route=\/wp\/v2\/users\/4"}],"replies":[{"embeddable":true,"href":"https:\/\/fundacja.radiopodlasie.pl\/index.php?rest_route=%2Fwp%2Fv2%2Fcomments&post=649"}],"version-history":[{"count":3,"href":"https:\/\/fundacja.radiopodlasie.pl\/index.php?rest_route=\/wp\/v2\/posts\/649\/revisions"}],"predecessor-version":[{"id":1014,"href":"https:\/\/fundacja.radiopodlasie.pl\/index.php?rest_route=\/wp\/v2\/posts\/649\/revisions\/1014"}],"wp:attachment":[{"href":"https:\/\/fundacja.radiopodlasie.pl\/index.php?rest_route=%2Fwp%2Fv2%2Fmedia&parent=649"}],"wp:term":[{"taxonomy":"category","embeddable":true,"href":"https:\/\/fundacja.radiopodlasie.pl\/index.php?rest_route=%2Fwp%2Fv2%2Fcategories&post=649"},{"taxonomy":"post_tag","embeddable":true,"href":"https:\/\/fundacja.radiopodlasie.pl\/index.php?rest_route=%2Fwp%2Fv2%2Ftags&post=649"}],"curies":[{"name":"wp","href":"https:\/\/api.w.org\/{rel}","templated":true}]}}