{"id":713,"date":"2018-07-17T11:22:15","date_gmt":"2018-07-17T09:22:15","guid":{"rendered":"http:\/\/fundacja.radiopodlasie.pl\/?p=713"},"modified":"2019-03-20T14:31:43","modified_gmt":"2019-03-20T13:31:43","slug":"spotkania-w-ksiegarniach-dla-doroslych-i-seniorow","status":"publish","type":"post","link":"https:\/\/fundacja.radiopodlasie.pl\/?p=713","title":{"rendered":"Spotkania w ksi\u0119garniach dla doros\u0142ych i senior\u00f3w"},"content":{"rendered":"<p>Ksi\u0105\u017cka czeka w ksi\u0119garni na p\u00f3\u0142ce, a animatorzy Fundacji podlaskie Centrum Radiowe zapraszaj\u0105 na kr\u00f3tkie spotkania i konkursy w ramach dzia\u0142ania \/&#8221;Grzbietami do do\u0142u&#8221;. Znajd\u017a chwile i do\u0142\u0105cz do nas. Razem odkryjemy tajemnice ukryte na stronach, tylko po\u0142o\u017cymy ksi\u0105\u017cki&#8230;<\/p>\n<p>Grzbietami do do\u0142u<\/p>\n<p>04.08 &#8222;Pod Kasztanem w Siemiatyczach&#8221;<\/p>\n<p>08.08 &#8222;Krokus&#8221; w Garwolinie<\/p>\n<p>06.10 &#8222;Kubu\u015b&#8221; w Radzyniu Podlaskim<\/p>\n<p>13.10 &#8222;Wsp\u00f3\u0142czesna &#8221; w Siedlcach<\/p>\n<p>23.10 &#8222;Pegaz&#8221; w \u0141ukowie<\/p>\n<p>24.10 &#8222;Podlaska &#8221; w Bia\u0142ej Podlaskiej<\/p>\n<p>30.10 &#8222;Pegaz&#8221; w Radzyniu Podlaskim<\/p>\n<p>06.11 &#8222;M\u0105dra Sowa&#8221; w Garwolinie<\/p>\n<p><a href=\"http:\/\/fundacja.radiopodlasie.pl\/wp-content\/uploads\/2018\/07\/Grzbietami-doro\u015b\u0142i1-Kopia-2.jpg\"><img decoding=\"async\" loading=\"lazy\" class=\"alignnone size-medium wp-image-1180\" src=\"http:\/\/fundacja.radiopodlasie.pl\/wp-content\/uploads\/2018\/07\/Grzbietami-doro\u015b\u0142i1-Kopia-2-300x189.jpg\" alt=\"\" width=\"300\" height=\"189\" srcset=\"https:\/\/fundacja.radiopodlasie.pl\/wp-content\/uploads\/2018\/07\/Grzbietami-doro\u015b\u0142i1-Kopia-2-300x189.jpg 300w, https:\/\/fundacja.radiopodlasie.pl\/wp-content\/uploads\/2018\/07\/Grzbietami-doro\u015b\u0142i1-Kopia-2-768x485.jpg 768w, https:\/\/fundacja.radiopodlasie.pl\/wp-content\/uploads\/2018\/07\/Grzbietami-doro\u015b\u0142i1-Kopia-2.jpg 800w\" sizes=\"(max-width: 300px) 100vw, 300px\" \/><\/a><\/p>\n<p>&nbsp;<\/p>\n","protected":false},"excerpt":{"rendered":"<p>Ksi\u0105\u017cka czeka w ksi\u0119garni na p\u00f3\u0142ce, a animatorzy Fundacji podlaskie Centrum Radiowe zapraszaj\u0105 na kr\u00f3tkie spotkania i konkursy w ramach dzia\u0142ania \/&#8221;Grzbietami do do\u0142u&#8221;. Znajd\u017a chwile i do\u0142\u0105cz do nas. Razem odkryjemy tajemnice ukryte na stronach, tylko po\u0142o\u017cymy ksi\u0105\u017cki&#8230; Grzbietami do do\u0142u 04.08 &#8222;Pod Kasztanem w Siemiatyczach&#8221; 08.08 &#8222;Krokus&#8221; w Garwolinie 06.10 &#8222;Kubu\u015b&#8221; w Radzyniu [&hellip;]<\/p>\n","protected":false},"author":4,"featured_media":1180,"comment_status":"closed","ping_status":"closed","sticky":false,"template":"","format":"standard","meta":{"ngg_post_thumbnail":0},"categories":[4],"tags":[],"_links":{"self":[{"href":"https:\/\/fundacja.radiopodlasie.pl\/index.php?rest_route=\/wp\/v2\/posts\/713"}],"collection":[{"href":"https:\/\/fundacja.radiopodlasie.pl\/index.php?rest_route=\/wp\/v2\/posts"}],"about":[{"href":"https:\/\/fundacja.radiopodlasie.pl\/index.php?rest_route=\/wp\/v2\/types\/post"}],"author":[{"embeddable":true,"href":"https:\/\/fundacja.radiopodlasie.pl\/index.php?rest_route=\/wp\/v2\/users\/4"}],"replies":[{"embeddable":true,"href":"https:\/\/fundacja.radiopodlasie.pl\/index.php?rest_route=%2Fwp%2Fv2%2Fcomments&post=713"}],"version-history":[{"count":5,"href":"https:\/\/fundacja.radiopodlasie.pl\/index.php?rest_route=\/wp\/v2\/posts\/713\/revisions"}],"predecessor-version":[{"id":1183,"href":"https:\/\/fundacja.radiopodlasie.pl\/index.php?rest_route=\/wp\/v2\/posts\/713\/revisions\/1183"}],"wp:featuredmedia":[{"embeddable":true,"href":"https:\/\/fundacja.radiopodlasie.pl\/index.php?rest_route=\/wp\/v2\/media\/1180"}],"wp:attachment":[{"href":"https:\/\/fundacja.radiopodlasie.pl\/index.php?rest_route=%2Fwp%2Fv2%2Fmedia&parent=713"}],"wp:term":[{"taxonomy":"category","embeddable":true,"href":"https:\/\/fundacja.radiopodlasie.pl\/index.php?rest_route=%2Fwp%2Fv2%2Fcategories&post=713"},{"taxonomy":"post_tag","embeddable":true,"href":"https:\/\/fundacja.radiopodlasie.pl\/index.php?rest_route=%2Fwp%2Fv2%2Ftags&post=713"}],"curies":[{"name":"wp","href":"https:\/\/api.w.org\/{rel}","templated":true}]}}