{"id":723,"date":"2018-08-05T11:46:39","date_gmt":"2018-08-05T09:46:39","guid":{"rendered":"http:\/\/fundacja.radiopodlasie.pl\/?p=723"},"modified":"2018-08-05T11:48:43","modified_gmt":"2018-08-05T09:48:43","slug":"audycja-o-malych-ksiegarniach-w-projekcie-grzbietami-do-dolu","status":"publish","type":"post","link":"https:\/\/fundacja.radiopodlasie.pl\/?p=723","title":{"rendered":"Audycja o ma\u0142ych ksi\u0119garniach w projekcie &#8222;Grzbietami do do\u0142u&#8221;"},"content":{"rendered":"<p>28 lipca Katolickie Radio Podlasie wyemitowa\u0142o pierwsz\u0105 z cyklu trzech audycji realizowanych w ramach projektu &#8222;Grzbietami do do\u0142u&#8221;. Agnieszka Osm\u00f3lska-Ilczuk rozmawia\u0142a z przedstawicielami ma\u0142ych ksi\u0119gar\u0144 oraz zapalonymi czytelnikami i mi\u0142o\u015bnikami ksi\u0105\u017cek.<\/p>\n<p><a href=\"http:\/\/fundacja.radiopodlasie.pl\/wp-content\/uploads\/2018\/08\/5d48944f57dfd5bf1a9b46bf316ad95a.jpg\"><img decoding=\"async\" loading=\"lazy\" class=\"alignnone size-medium wp-image-724\" src=\"http:\/\/fundacja.radiopodlasie.pl\/wp-content\/uploads\/2018\/08\/5d48944f57dfd5bf1a9b46bf316ad95a-300x170.jpg\" alt=\"\" width=\"300\" height=\"170\" \/><\/a><\/p>\n<p><a href=\"http:\/\/archiwum.radiopodlasie.pl\/NEW\/2018\/07\/28\/male-ksiegarnie-czy-sa-jeszcze-miejscem-spotkania-z-dobra-ksiazka\/\"><strong>Pos\u0142uchaj:<\/strong><\/a><strong>\u00a0<\/strong><\/p>\n<p><a href=\"http:\/\/fundacja.radiopodlasie.pl\/wp-content\/uploads\/2018\/07\/mkidn_01_cmyk.jpg\"><img decoding=\"async\" loading=\"lazy\" class=\"wp-image-593 alignleft\" src=\"http:\/\/fundacja.radiopodlasie.pl\/wp-content\/uploads\/2018\/07\/mkidn_01_cmyk-300x300.jpg\" alt=\"\" width=\"211\" height=\"211\" srcset=\"https:\/\/fundacja.radiopodlasie.pl\/wp-content\/uploads\/2018\/07\/mkidn_01_cmyk-300x300.jpg 300w, https:\/\/fundacja.radiopodlasie.pl\/wp-content\/uploads\/2018\/07\/mkidn_01_cmyk-150x150.jpg 150w, https:\/\/fundacja.radiopodlasie.pl\/wp-content\/uploads\/2018\/07\/mkidn_01_cmyk-768x768.jpg 768w, https:\/\/fundacja.radiopodlasie.pl\/wp-content\/uploads\/2018\/07\/mkidn_01_cmyk-1024x1024.jpg 1024w, https:\/\/fundacja.radiopodlasie.pl\/wp-content\/uploads\/2018\/07\/mkidn_01_cmyk-50x50.jpg 50w, https:\/\/fundacja.radiopodlasie.pl\/wp-content\/uploads\/2018\/07\/mkidn_01_cmyk.jpg 1323w\" sizes=\"(max-width: 211px) 100vw, 211px\" \/><\/a>Dofinansowano ze \u015brodk\u00f3w Ministerstwa Kultury i Dziedzictwa Narodowego pochodz\u0105cych z Funduszu Promocji Kultury<\/p>\n","protected":false},"excerpt":{"rendered":"<p>28 lipca Katolickie Radio Podlasie wyemitowa\u0142o pierwsz\u0105 z cyklu trzech audycji realizowanych w ramach projektu &#8222;Grzbietami do do\u0142u&#8221;. Agnieszka Osm\u00f3lska-Ilczuk rozmawia\u0142a z przedstawicielami ma\u0142ych ksi\u0119gar\u0144 oraz zapalonymi czytelnikami i mi\u0142o\u015bnikami ksi\u0105\u017cek. Pos\u0142uchaj:\u00a0 Dofinansowano ze \u015brodk\u00f3w Ministerstwa Kultury i Dziedzictwa Narodowego pochodz\u0105cych z Funduszu Promocji Kultury<\/p>\n","protected":false},"author":4,"featured_media":0,"comment_status":"closed","ping_status":"closed","sticky":false,"template":"","format":"standard","meta":{"ngg_post_thumbnail":0},"categories":[4],"tags":[22,7,23],"_links":{"self":[{"href":"https:\/\/fundacja.radiopodlasie.pl\/index.php?rest_route=\/wp\/v2\/posts\/723"}],"collection":[{"href":"https:\/\/fundacja.radiopodlasie.pl\/index.php?rest_route=\/wp\/v2\/posts"}],"about":[{"href":"https:\/\/fundacja.radiopodlasie.pl\/index.php?rest_route=\/wp\/v2\/types\/post"}],"author":[{"embeddable":true,"href":"https:\/\/fundacja.radiopodlasie.pl\/index.php?rest_route=\/wp\/v2\/users\/4"}],"replies":[{"embeddable":true,"href":"https:\/\/fundacja.radiopodlasie.pl\/index.php?rest_route=%2Fwp%2Fv2%2Fcomments&post=723"}],"version-history":[{"count":3,"href":"https:\/\/fundacja.radiopodlasie.pl\/index.php?rest_route=\/wp\/v2\/posts\/723\/revisions"}],"predecessor-version":[{"id":726,"href":"https:\/\/fundacja.radiopodlasie.pl\/index.php?rest_route=\/wp\/v2\/posts\/723\/revisions\/726"}],"wp:attachment":[{"href":"https:\/\/fundacja.radiopodlasie.pl\/index.php?rest_route=%2Fwp%2Fv2%2Fmedia&parent=723"}],"wp:term":[{"taxonomy":"category","embeddable":true,"href":"https:\/\/fundacja.radiopodlasie.pl\/index.php?rest_route=%2Fwp%2Fv2%2Fcategories&post=723"},{"taxonomy":"post_tag","embeddable":true,"href":"https:\/\/fundacja.radiopodlasie.pl\/index.php?rest_route=%2Fwp%2Fv2%2Ftags&post=723"}],"curies":[{"name":"wp","href":"https:\/\/api.w.org\/{rel}","templated":true}]}}