{"id":728,"date":"2018-08-08T09:42:48","date_gmt":"2018-08-08T07:42:48","guid":{"rendered":"http:\/\/fundacja.radiopodlasie.pl\/?p=728"},"modified":"2019-03-20T14:19:04","modified_gmt":"2019-03-20T13:19:04","slug":"komunikat-odwolane-8-sierpnia-spotkanie-grzbietami-do-dolu-w-grawolinie","status":"publish","type":"post","link":"https:\/\/fundacja.radiopodlasie.pl\/?p=728","title":{"rendered":"KOMUNIKAT &#8211; Odwo\u0142ane  spotkanie 8 sierpnia &#8222;Grzbietami do do\u0142u&#8221; w Garwolinie"},"content":{"rendered":"<p>Z powodu warunk\u00f3w atmosferycznych i specyfiki miejsca Ksi\u0119garni Krokus, odwo\u0142ujemy dzisiejsze spotkanie Grzbietami do do\u0142u w Garwolinie. Temperatura powietrza przekracza 30 stopni Celsjusza w cieniu, a lokal jest ma\u0142y, nieklimatyzowany i przyleg\u0142y teren w postaci szerokiego chodnika jest nieos\u0142oni\u0119ty i mocno si\u0119 nagrzewa, odbijaj\u0105c ciep\u0142o od okolicznych budynk\u00f3w i po\u0142o\u017conej w bezpo\u015brednim s\u0105siedztwie ruchliwej ulicy.<\/p>\n<p><a href=\"http:\/\/fundacja.radiopodlasie.pl\/wp-content\/uploads\/2018\/08\/skwar.jpg\"><img decoding=\"async\" loading=\"lazy\" class=\"alignnone size-medium wp-image-1175\" src=\"http:\/\/fundacja.radiopodlasie.pl\/wp-content\/uploads\/2018\/08\/skwar-300x166.jpg\" alt=\"\" width=\"300\" height=\"166\" srcset=\"https:\/\/fundacja.radiopodlasie.pl\/wp-content\/uploads\/2018\/08\/skwar-300x166.jpg 300w, https:\/\/fundacja.radiopodlasie.pl\/wp-content\/uploads\/2018\/08\/skwar.jpg 448w\" sizes=\"(max-width: 300px) 100vw, 300px\" \/><\/a><\/p>\n<p>Z doros\u0142ymi czytelnikami i seniorami spotkamy si\u0119 w Garwolinie w Ksi\u0119garni Krokus 16 pa\u017adziernika.<\/p>\n","protected":false},"excerpt":{"rendered":"<p>Z powodu warunk\u00f3w atmosferycznych i specyfiki miejsca Ksi\u0119garni Krokus, odwo\u0142ujemy dzisiejsze spotkanie Grzbietami do do\u0142u w Garwolinie. Temperatura powietrza przekracza 30 stopni Celsjusza w cieniu, a lokal jest ma\u0142y, nieklimatyzowany i przyleg\u0142y teren w postaci szerokiego chodnika jest nieos\u0142oni\u0119ty i mocno si\u0119 nagrzewa, odbijaj\u0105c ciep\u0142o od okolicznych budynk\u00f3w i po\u0142o\u017conej w bezpo\u015brednim s\u0105siedztwie ruchliwej ulicy. [&hellip;]<\/p>\n","protected":false},"author":4,"featured_media":1175,"comment_status":"closed","ping_status":"closed","sticky":false,"template":"","format":"standard","meta":{"ngg_post_thumbnail":0},"categories":[4],"tags":[6,16,24,25],"_links":{"self":[{"href":"https:\/\/fundacja.radiopodlasie.pl\/index.php?rest_route=\/wp\/v2\/posts\/728"}],"collection":[{"href":"https:\/\/fundacja.radiopodlasie.pl\/index.php?rest_route=\/wp\/v2\/posts"}],"about":[{"href":"https:\/\/fundacja.radiopodlasie.pl\/index.php?rest_route=\/wp\/v2\/types\/post"}],"author":[{"embeddable":true,"href":"https:\/\/fundacja.radiopodlasie.pl\/index.php?rest_route=\/wp\/v2\/users\/4"}],"replies":[{"embeddable":true,"href":"https:\/\/fundacja.radiopodlasie.pl\/index.php?rest_route=%2Fwp%2Fv2%2Fcomments&post=728"}],"version-history":[{"count":4,"href":"https:\/\/fundacja.radiopodlasie.pl\/index.php?rest_route=\/wp\/v2\/posts\/728\/revisions"}],"predecessor-version":[{"id":1176,"href":"https:\/\/fundacja.radiopodlasie.pl\/index.php?rest_route=\/wp\/v2\/posts\/728\/revisions\/1176"}],"wp:featuredmedia":[{"embeddable":true,"href":"https:\/\/fundacja.radiopodlasie.pl\/index.php?rest_route=\/wp\/v2\/media\/1175"}],"wp:attachment":[{"href":"https:\/\/fundacja.radiopodlasie.pl\/index.php?rest_route=%2Fwp%2Fv2%2Fmedia&parent=728"}],"wp:term":[{"taxonomy":"category","embeddable":true,"href":"https:\/\/fundacja.radiopodlasie.pl\/index.php?rest_route=%2Fwp%2Fv2%2Fcategories&post=728"},{"taxonomy":"post_tag","embeddable":true,"href":"https:\/\/fundacja.radiopodlasie.pl\/index.php?rest_route=%2Fwp%2Fv2%2Ftags&post=728"}],"curies":[{"name":"wp","href":"https:\/\/api.w.org\/{rel}","templated":true}]}}