{"id":733,"date":"2018-08-09T15:01:08","date_gmt":"2018-08-09T13:01:08","guid":{"rendered":"http:\/\/fundacja.radiopodlasie.pl\/?p=733"},"modified":"2019-01-16T12:24:21","modified_gmt":"2019-01-16T11:24:21","slug":"turniej-kol-gospodyn-wiejskich-wschodniego-mazowsza","status":"publish","type":"post","link":"https:\/\/fundacja.radiopodlasie.pl\/?p=733","title":{"rendered":"Turniej K\u00f3\u0142 Gospody\u0144 Wiejskich Wschodniego Mazowsza"},"content":{"rendered":"<p><a href=\"http:\/\/fundacja.radiopodlasie.pl\/wp-content\/uploads\/2018\/08\/KGW2.jpg\"><img decoding=\"async\" loading=\"lazy\" class=\"alignnone size-medium wp-image-734\" src=\"http:\/\/fundacja.radiopodlasie.pl\/wp-content\/uploads\/2018\/08\/KGW2-300x40.jpg\" alt=\"\" width=\"300\" height=\"40\" srcset=\"https:\/\/fundacja.radiopodlasie.pl\/wp-content\/uploads\/2018\/08\/KGW2-300x40.jpg 300w, https:\/\/fundacja.radiopodlasie.pl\/wp-content\/uploads\/2018\/08\/KGW2.jpg 750w\" sizes=\"(max-width: 300px) 100vw, 300px\" \/><\/a><\/p>\n<p>Fundacja Podlaskie Centrum Radiowe wsp\u00f3lnie z Katolickim Radiem Podlasie i W\u00f3jtem Gminy G\u00f3rzno organizuje Turniej K\u00f3\u0142 Gospody\u0144 Wiejskich Wschodniego Mazowsza. W turnieju mog\u0105 bra\u0107 udzia\u0142 grupy i spo\u0142eczno\u015bci z regionu Wschodniego Mazowsza w\u0142\u0105czaj\u0105c r\u00f3wnie\u017c region \u0141ukowa, kt\u00f3ry obecnie przynale\u017cy administracyjnie do wojew\u00f3dztwa lubelskiego. Ko\u0142a gospody\u0144 wiejskich, zespo\u0142y ludowe, stowarzyszenia i kluby dzia\u0142aj\u0105ce na rzecz lokalnej spo\u0142eczno\u015bci w celach kulturalnych i integracyjnych oraz kultywuj\u0105ce tradycje regionalne zosta\u0142y zaprezentowane w Regionalnym Portalu Informacyjnym podlasie24.pl oraz na antenie Katolickiego Radia Podlasie.<\/p>\n<p>Od 16 sierpnia do 3 wrze\u015bnia trwa g\u0142osowanie, w kt\u00f3rym wy\u0142onione zostanie 10 k\u00f3\u0142 do dalszego etapu g\u0142osowania internetowego. 30 wrze\u015bnia w Mi\u0119tnem nast\u0105pi podsumowanie i rozstrzygni\u0119cie turnieju oraz losowania dla bior\u0105cych udzia\u0142 w g\u0142osowaniu. Gala rozstrzygni\u0119cia Turnieju KGW przyjmie form\u0119 festynu z licznymi atrakcjami. Sponsorzy nagr\u00f3d i partnerzy Turnieju:<\/p>\n<p><a href=\"http:\/\/fundacja.radiopodlasie.pl\/wp-content\/uploads\/2018\/08\/logo-wbg.png\"><img decoding=\"async\" loading=\"lazy\" class=\"alignnone size-full wp-image-735\" src=\"http:\/\/fundacja.radiopodlasie.pl\/wp-content\/uploads\/2018\/08\/logo-wbg.png\" alt=\"\" width=\"87\" height=\"48\" \/><\/a> <a href=\"http:\/\/fundacja.radiopodlasie.pl\/wp-content\/uploads\/2018\/08\/arche.png\"><img decoding=\"async\" loading=\"lazy\" class=\"alignnone wp-image-737\" src=\"http:\/\/fundacja.radiopodlasie.pl\/wp-content\/uploads\/2018\/08\/arche.png\" alt=\"\" width=\"77\" height=\"77\" srcset=\"https:\/\/fundacja.radiopodlasie.pl\/wp-content\/uploads\/2018\/08\/arche.png 100w, https:\/\/fundacja.radiopodlasie.pl\/wp-content\/uploads\/2018\/08\/arche-50x50.png 50w\" sizes=\"(max-width: 77px) 100vw, 77px\" \/><\/a><a href=\"http:\/\/fundacja.radiopodlasie.pl\/wp-content\/uploads\/2018\/08\/logo_internet.png\"><img decoding=\"async\" loading=\"lazy\" class=\"alignnone wp-image-743\" src=\"http:\/\/fundacja.radiopodlasie.pl\/wp-content\/uploads\/2018\/08\/logo_internet-300x300.png\" alt=\"\" width=\"66\" height=\"66\" srcset=\"https:\/\/fundacja.radiopodlasie.pl\/wp-content\/uploads\/2018\/08\/logo_internet-300x300.png 300w, https:\/\/fundacja.radiopodlasie.pl\/wp-content\/uploads\/2018\/08\/logo_internet-150x150.png 150w, https:\/\/fundacja.radiopodlasie.pl\/wp-content\/uploads\/2018\/08\/logo_internet-50x50.png 50w, https:\/\/fundacja.radiopodlasie.pl\/wp-content\/uploads\/2018\/08\/logo_internet.png 591w\" sizes=\"(max-width: 66px) 100vw, 66px\" \/><\/a><\/p>\n<p><a href=\"http:\/\/fundacja.radiopodlasie.pl\/wp-content\/uploads\/2018\/08\/arche.png\">Wi\u0119cej szczeg\u00f3\u0142\u00f3w mo\u017cna przeczyta\u0107 w zak\u0142adce <\/a><a href=\"http:\/\/podlasie24.pl\/turniej-kgw.html\"><strong>Turniej KGW<\/strong><\/a><\/p>\n<p>&nbsp;<\/p>\n","protected":false},"excerpt":{"rendered":"<p>Fundacja Podlaskie Centrum Radiowe wsp\u00f3lnie z Katolickim Radiem Podlasie i W\u00f3jtem Gminy G\u00f3rzno organizuje Turniej K\u00f3\u0142 Gospody\u0144 Wiejskich Wschodniego Mazowsza. W turnieju mog\u0105 bra\u0107 udzia\u0142 grupy i spo\u0142eczno\u015bci z regionu Wschodniego Mazowsza w\u0142\u0105czaj\u0105c r\u00f3wnie\u017c region \u0141ukowa, kt\u00f3ry obecnie przynale\u017cy administracyjnie do wojew\u00f3dztwa lubelskiego. Ko\u0142a gospody\u0144 wiejskich, zespo\u0142y ludowe, stowarzyszenia i kluby dzia\u0142aj\u0105ce na rzecz lokalnej [&hellip;]<\/p>\n","protected":false},"author":4,"featured_media":764,"comment_status":"closed","ping_status":"closed","sticky":false,"template":"","format":"standard","meta":{"ngg_post_thumbnail":0},"categories":[3],"tags":[],"_links":{"self":[{"href":"https:\/\/fundacja.radiopodlasie.pl\/index.php?rest_route=\/wp\/v2\/posts\/733"}],"collection":[{"href":"https:\/\/fundacja.radiopodlasie.pl\/index.php?rest_route=\/wp\/v2\/posts"}],"about":[{"href":"https:\/\/fundacja.radiopodlasie.pl\/index.php?rest_route=\/wp\/v2\/types\/post"}],"author":[{"embeddable":true,"href":"https:\/\/fundacja.radiopodlasie.pl\/index.php?rest_route=\/wp\/v2\/users\/4"}],"replies":[{"embeddable":true,"href":"https:\/\/fundacja.radiopodlasie.pl\/index.php?rest_route=%2Fwp%2Fv2%2Fcomments&post=733"}],"version-history":[{"count":8,"href":"https:\/\/fundacja.radiopodlasie.pl\/index.php?rest_route=\/wp\/v2\/posts\/733\/revisions"}],"predecessor-version":[{"id":1153,"href":"https:\/\/fundacja.radiopodlasie.pl\/index.php?rest_route=\/wp\/v2\/posts\/733\/revisions\/1153"}],"wp:featuredmedia":[{"embeddable":true,"href":"https:\/\/fundacja.radiopodlasie.pl\/index.php?rest_route=\/wp\/v2\/media\/764"}],"wp:attachment":[{"href":"https:\/\/fundacja.radiopodlasie.pl\/index.php?rest_route=%2Fwp%2Fv2%2Fmedia&parent=733"}],"wp:term":[{"taxonomy":"category","embeddable":true,"href":"https:\/\/fundacja.radiopodlasie.pl\/index.php?rest_route=%2Fwp%2Fv2%2Fcategories&post=733"},{"taxonomy":"post_tag","embeddable":true,"href":"https:\/\/fundacja.radiopodlasie.pl\/index.php?rest_route=%2Fwp%2Fv2%2Ftags&post=733"}],"curies":[{"name":"wp","href":"https:\/\/api.w.org\/{rel}","templated":true}]}}