{"id":758,"date":"2018-09-14T12:16:34","date_gmt":"2018-09-14T10:16:34","guid":{"rendered":"http:\/\/fundacja.radiopodlasie.pl\/?p=758"},"modified":"2018-09-14T12:50:03","modified_gmt":"2018-09-14T10:50:03","slug":"druga-audycja-w-projekcie-grzbietami-do-dolu","status":"publish","type":"post","link":"https:\/\/fundacja.radiopodlasie.pl\/?p=758","title":{"rendered":"Druga audycja w projekcie &#8222;Grzbietami do do\u0142u&#8221;"},"content":{"rendered":"<p><a href=\"http:\/\/fundacja.radiopodlasie.pl\/wp-content\/uploads\/2018\/09\/Agnieszka-Osm\u00f3lska-Ilczuk-prezenterka.jpg\"><img decoding=\"async\" loading=\"lazy\" class=\"alignnone size-full wp-image-759\" src=\"http:\/\/fundacja.radiopodlasie.pl\/wp-content\/uploads\/2018\/09\/Agnieszka-Osm\u00f3lska-Ilczuk-prezenterka.jpg\" alt=\"\" width=\"185\" height=\"216\" \/>\u00a0<\/a><a href=\"http:\/\/fundacja.radiopodlasie.pl\/wp-content\/uploads\/2018\/07\/mkidn_01_cmyk.jpg\"><img decoding=\"async\" loading=\"lazy\" class=\"alignnone wp-image-593\" src=\"http:\/\/fundacja.radiopodlasie.pl\/wp-content\/uploads\/2018\/07\/mkidn_01_cmyk-300x300.jpg\" alt=\"\" width=\"216\" height=\"216\" srcset=\"https:\/\/fundacja.radiopodlasie.pl\/wp-content\/uploads\/2018\/07\/mkidn_01_cmyk-300x300.jpg 300w, https:\/\/fundacja.radiopodlasie.pl\/wp-content\/uploads\/2018\/07\/mkidn_01_cmyk-150x150.jpg 150w, https:\/\/fundacja.radiopodlasie.pl\/wp-content\/uploads\/2018\/07\/mkidn_01_cmyk-768x768.jpg 768w, https:\/\/fundacja.radiopodlasie.pl\/wp-content\/uploads\/2018\/07\/mkidn_01_cmyk-1024x1024.jpg 1024w, https:\/\/fundacja.radiopodlasie.pl\/wp-content\/uploads\/2018\/07\/mkidn_01_cmyk-50x50.jpg 50w, https:\/\/fundacja.radiopodlasie.pl\/wp-content\/uploads\/2018\/07\/mkidn_01_cmyk.jpg 1323w\" sizes=\"(max-width: 216px) 100vw, 216px\" \/><\/a><a href=\"http:\/\/fundacja.radiopodlasie.pl\/wp-content\/uploads\/2018\/06\/banerek-grzbietami1.jpg\"><img decoding=\"async\" loading=\"lazy\" class=\"alignnone size-medium wp-image-561\" src=\"http:\/\/fundacja.radiopodlasie.pl\/wp-content\/uploads\/2018\/06\/banerek-grzbietami1-300x60.jpg\" alt=\"\" width=\"300\" height=\"60\" srcset=\"https:\/\/fundacja.radiopodlasie.pl\/wp-content\/uploads\/2018\/06\/banerek-grzbietami1-300x60.jpg 300w, https:\/\/fundacja.radiopodlasie.pl\/wp-content\/uploads\/2018\/06\/banerek-grzbietami1.jpg 750w\" sizes=\"(max-width: 300px) 100vw, 300px\" \/> <\/a><\/p>\n<p>8 wrze\u015bnia Katolickie Radio Podlasie nada\u0142o drug\u0105 audycj\u0119 w projekcie &#8222;Grzbietami do do\u0142u&#8221;. Tematem rozmowy by\u0142, jak to uj\u0119\u0142a autorka audycji, Agnieszka Osm\u00f3lska-Ilczuk: &#8222;M\u0142ody czytelnik w ksi\u0119garni&#8221;. Audycji mo\u017cna pos\u0142ucha\u0107 korzystaj\u0105c z <a href=\"http:\/\/archiwum.radiopodlasie.pl\/NEW\/2018\/09\/08\/rozmowa-z-katarzyna-szczepanik-agnieszka-kulig-i-ewa-pasternak\/\">ARCHIWUM Katolickiego Radia Podlasie\u00a0\u00a0\u00a0<\/a><\/p>\n<p>Dzia\u0142anie dofinansowano ze \u015brodk\u00f3w Ministerstwa Kultury i Dziedzictwa Narodowego pochodz\u0105cych z Funduszu Promocji Kultury<\/p>\n","protected":false},"excerpt":{"rendered":"<p>\u00a0 8 wrze\u015bnia Katolickie Radio Podlasie nada\u0142o drug\u0105 audycj\u0119 w projekcie &#8222;Grzbietami do do\u0142u&#8221;. Tematem rozmowy by\u0142, jak to uj\u0119\u0142a autorka audycji, Agnieszka Osm\u00f3lska-Ilczuk: &#8222;M\u0142ody czytelnik w ksi\u0119garni&#8221;. Audycji mo\u017cna pos\u0142ucha\u0107 korzystaj\u0105c z ARCHIWUM Katolickiego Radia Podlasie\u00a0\u00a0\u00a0 Dzia\u0142anie dofinansowano ze \u015brodk\u00f3w Ministerstwa Kultury i Dziedzictwa Narodowego pochodz\u0105cych z Funduszu Promocji Kultury<\/p>\n","protected":false},"author":4,"featured_media":759,"comment_status":"closed","ping_status":"closed","sticky":false,"template":"","format":"standard","meta":{"ngg_post_thumbnail":0},"categories":[1],"tags":[],"_links":{"self":[{"href":"https:\/\/fundacja.radiopodlasie.pl\/index.php?rest_route=\/wp\/v2\/posts\/758"}],"collection":[{"href":"https:\/\/fundacja.radiopodlasie.pl\/index.php?rest_route=\/wp\/v2\/posts"}],"about":[{"href":"https:\/\/fundacja.radiopodlasie.pl\/index.php?rest_route=\/wp\/v2\/types\/post"}],"author":[{"embeddable":true,"href":"https:\/\/fundacja.radiopodlasie.pl\/index.php?rest_route=\/wp\/v2\/users\/4"}],"replies":[{"embeddable":true,"href":"https:\/\/fundacja.radiopodlasie.pl\/index.php?rest_route=%2Fwp%2Fv2%2Fcomments&post=758"}],"version-history":[{"count":2,"href":"https:\/\/fundacja.radiopodlasie.pl\/index.php?rest_route=\/wp\/v2\/posts\/758\/revisions"}],"predecessor-version":[{"id":761,"href":"https:\/\/fundacja.radiopodlasie.pl\/index.php?rest_route=\/wp\/v2\/posts\/758\/revisions\/761"}],"wp:featuredmedia":[{"embeddable":true,"href":"https:\/\/fundacja.radiopodlasie.pl\/index.php?rest_route=\/wp\/v2\/media\/759"}],"wp:attachment":[{"href":"https:\/\/fundacja.radiopodlasie.pl\/index.php?rest_route=%2Fwp%2Fv2%2Fmedia&parent=758"}],"wp:term":[{"taxonomy":"category","embeddable":true,"href":"https:\/\/fundacja.radiopodlasie.pl\/index.php?rest_route=%2Fwp%2Fv2%2Fcategories&post=758"},{"taxonomy":"post_tag","embeddable":true,"href":"https:\/\/fundacja.radiopodlasie.pl\/index.php?rest_route=%2Fwp%2Fv2%2Ftags&post=758"}],"curies":[{"name":"wp","href":"https:\/\/api.w.org\/{rel}","templated":true}]}}