{"id":763,"date":"2018-09-17T15:43:27","date_gmt":"2018-09-17T13:43:27","guid":{"rendered":"http:\/\/fundacja.radiopodlasie.pl\/?p=763"},"modified":"2018-09-17T15:43:27","modified_gmt":"2018-09-17T13:43:27","slug":"gala-turnieju-kol-gospodyn-wiejskich-wschodniego-mazowsza-2018","status":"publish","type":"post","link":"https:\/\/fundacja.radiopodlasie.pl\/?p=763","title":{"rendered":"Gala Turnieju K\u00f3\u0142 Gospody\u0144 Wiejskich Wschodniego Mazowsza 2018"},"content":{"rendered":"<p><a href=\"http:\/\/fundacja.radiopodlasie.pl\/wp-content\/uploads\/2018\/09\/faf72c216f9bd2c27e6065d78263f0fd-Kopia.jpg\"><img decoding=\"async\" loading=\"lazy\" class=\"alignnone size-medium wp-image-764\" src=\"http:\/\/fundacja.radiopodlasie.pl\/wp-content\/uploads\/2018\/09\/faf72c216f9bd2c27e6065d78263f0fd-Kopia-300x170.jpg\" alt=\"\" width=\"300\" height=\"170\" srcset=\"https:\/\/fundacja.radiopodlasie.pl\/wp-content\/uploads\/2018\/09\/faf72c216f9bd2c27e6065d78263f0fd-Kopia-300x170.jpg 300w, https:\/\/fundacja.radiopodlasie.pl\/wp-content\/uploads\/2018\/09\/faf72c216f9bd2c27e6065d78263f0fd-Kopia.jpg 590w\" sizes=\"(max-width: 300px) 100vw, 300px\" \/><\/a><a href=\"http:\/\/fundacja.radiopodlasie.pl\/wp-content\/uploads\/2018\/09\/LOGO_2016_new_krzywe-Kopia.jpg\"><img decoding=\"async\" loading=\"lazy\" class=\"alignnone size-full wp-image-768\" src=\"http:\/\/fundacja.radiopodlasie.pl\/wp-content\/uploads\/2018\/09\/LOGO_2016_new_krzywe-Kopia.jpg\" alt=\"\" width=\"120\" height=\"83\" \/><\/a><a href=\"http:\/\/fundacja.radiopodlasie.pl\/wp-content\/uploads\/2018\/09\/herb-gorzno.png\"><img decoding=\"async\" loading=\"lazy\" class=\"alignnone  wp-image-767\" src=\"http:\/\/fundacja.radiopodlasie.pl\/wp-content\/uploads\/2018\/09\/herb-gorzno.png\" alt=\"\" width=\"83\" height=\"90\" \/><\/a><a href=\"http:\/\/fundacja.radiopodlasie.pl\/wp-content\/uploads\/2018\/09\/LOGO_PORTAL_PL.jpg\"><img decoding=\"async\" loading=\"lazy\" class=\"alignnone  wp-image-769\" src=\"http:\/\/fundacja.radiopodlasie.pl\/wp-content\/uploads\/2018\/09\/LOGO_PORTAL_PL-300x50.jpg\" alt=\"\" width=\"168\" height=\"28\" srcset=\"https:\/\/fundacja.radiopodlasie.pl\/wp-content\/uploads\/2018\/09\/LOGO_PORTAL_PL-300x50.jpg 300w, https:\/\/fundacja.radiopodlasie.pl\/wp-content\/uploads\/2018\/09\/LOGO_PORTAL_PL.jpg 600w\" sizes=\"(max-width: 168px) 100vw, 168px\" \/><\/a><\/p>\n<p>17 wrze\u015bnia, w po\u0142udnie, zamkni\u0119te zosta\u0142o g\u0142osowanie w drugim etapie organizowanego przez Katolickie Radio Podlasie i W\u00f3jta Gmniy G\u00f3rzno,\u00a0 Turnieju KGW Wschodniego Mazowsza 2018 na najlepsze Ko\u0142o Gospody\u0144 Wiejskich. Wyniki g\u0142osowania oraz zwyci\u0119zc\u00f3w poznamy podczas Fina\u0142owej Gali\u00a0 Turnieju w Mi\u0119tnem, 30 wrze\u015bnia.<\/p>\n<p>Zapowied\u017a tego wydarzenia mo\u017cna przeczyta\u0107 w portalu <a href=\"http:\/\/podlasie24.pl\/garwolin\/kultura\/gala-turnieju-kol-gospodyn-wiejskich-wschodniego-mazowsza-2018-w-mietnem-272d3.html\">podlasie24.pl\u00a0<\/a><\/p>\n<p>Gal\u0119 Fina\u0142ow\u0105  obj\u0105\u0142 patronatem honorowym Minister Rolnictwa i Rozwoju Wsi, Jan Krzysztof Ardanowski<\/p>\n<p>Turniej K\u00f3\u0142 Gospody\u0144 Wiejskich Wschodniego Mazowsza 2018 obj\u0119li patronatem:<\/p>\n<p>Maria Koc, Wicemarsza\u0142ek Senatu RP<\/p>\n<p>i Zbigniew Ku\u017amiuk, Pose\u0142 do Parlamentu Europejskiego<a href=\"http:\/\/fundacja.radiopodlasie.pl\/wp-content\/uploads\/2018\/09\/EP-logo-RGB_PL-770x445.png\"><img decoding=\"async\" loading=\"lazy\" class=\"alignnone size-medium wp-image-765\" src=\"http:\/\/fundacja.radiopodlasie.pl\/wp-content\/uploads\/2018\/09\/EP-logo-RGB_PL-770x445-300x173.png\" alt=\"\" width=\"300\" height=\"173\" srcset=\"https:\/\/fundacja.radiopodlasie.pl\/wp-content\/uploads\/2018\/09\/EP-logo-RGB_PL-770x445-300x173.png 300w, https:\/\/fundacja.radiopodlasie.pl\/wp-content\/uploads\/2018\/09\/EP-logo-RGB_PL-770x445-768x444.png 768w, https:\/\/fundacja.radiopodlasie.pl\/wp-content\/uploads\/2018\/09\/EP-logo-RGB_PL-770x445.png 770w\" sizes=\"(max-width: 300px) 100vw, 300px\" \/><\/a><a href=\"http:\/\/fundacja.radiopodlasie.pl\/wp-content\/uploads\/2018\/09\/Ministerstwo_Rolnictwa_i_Rozwoju_Wsi.svg_.png\"><img decoding=\"async\" loading=\"lazy\" class=\"alignnone  wp-image-766\" src=\"http:\/\/fundacja.radiopodlasie.pl\/wp-content\/uploads\/2018\/09\/Ministerstwo_Rolnictwa_i_Rozwoju_Wsi.svg_-300x300.png\" alt=\"\" width=\"183\" height=\"183\" srcset=\"https:\/\/fundacja.radiopodlasie.pl\/wp-content\/uploads\/2018\/09\/Ministerstwo_Rolnictwa_i_Rozwoju_Wsi.svg_-300x300.png 300w, https:\/\/fundacja.radiopodlasie.pl\/wp-content\/uploads\/2018\/09\/Ministerstwo_Rolnictwa_i_Rozwoju_Wsi.svg_-150x150.png 150w, https:\/\/fundacja.radiopodlasie.pl\/wp-content\/uploads\/2018\/09\/Ministerstwo_Rolnictwa_i_Rozwoju_Wsi.svg_-768x765.png 768w, https:\/\/fundacja.radiopodlasie.pl\/wp-content\/uploads\/2018\/09\/Ministerstwo_Rolnictwa_i_Rozwoju_Wsi.svg_-50x50.png 50w, https:\/\/fundacja.radiopodlasie.pl\/wp-content\/uploads\/2018\/09\/Ministerstwo_Rolnictwa_i_Rozwoju_Wsi.svg_.png 771w\" sizes=\"(max-width: 183px) 100vw, 183px\" \/><\/a><\/p>\n","protected":false},"excerpt":{"rendered":"<p>17 wrze\u015bnia, w po\u0142udnie, zamkni\u0119te zosta\u0142o g\u0142osowanie w drugim etapie organizowanego przez Katolickie Radio Podlasie i W\u00f3jta Gmniy G\u00f3rzno,\u00a0 Turnieju KGW Wschodniego Mazowsza 2018 na najlepsze Ko\u0142o Gospody\u0144 Wiejskich. Wyniki g\u0142osowania oraz zwyci\u0119zc\u00f3w poznamy podczas Fina\u0142owej Gali\u00a0 Turnieju w Mi\u0119tnem, 30 wrze\u015bnia. Zapowied\u017a tego wydarzenia mo\u017cna przeczyta\u0107 w portalu podlasie24.pl\u00a0 Gal\u0119 Fina\u0142ow\u0105 obj\u0105\u0142 patronatem honorowym [&hellip;]<\/p>\n","protected":false},"author":4,"featured_media":764,"comment_status":"closed","ping_status":"closed","sticky":false,"template":"","format":"standard","meta":{"ngg_post_thumbnail":0},"categories":[3],"tags":[26,29,28,27],"_links":{"self":[{"href":"https:\/\/fundacja.radiopodlasie.pl\/index.php?rest_route=\/wp\/v2\/posts\/763"}],"collection":[{"href":"https:\/\/fundacja.radiopodlasie.pl\/index.php?rest_route=\/wp\/v2\/posts"}],"about":[{"href":"https:\/\/fundacja.radiopodlasie.pl\/index.php?rest_route=\/wp\/v2\/types\/post"}],"author":[{"embeddable":true,"href":"https:\/\/fundacja.radiopodlasie.pl\/index.php?rest_route=\/wp\/v2\/users\/4"}],"replies":[{"embeddable":true,"href":"https:\/\/fundacja.radiopodlasie.pl\/index.php?rest_route=%2Fwp%2Fv2%2Fcomments&post=763"}],"version-history":[{"count":1,"href":"https:\/\/fundacja.radiopodlasie.pl\/index.php?rest_route=\/wp\/v2\/posts\/763\/revisions"}],"predecessor-version":[{"id":770,"href":"https:\/\/fundacja.radiopodlasie.pl\/index.php?rest_route=\/wp\/v2\/posts\/763\/revisions\/770"}],"wp:featuredmedia":[{"embeddable":true,"href":"https:\/\/fundacja.radiopodlasie.pl\/index.php?rest_route=\/wp\/v2\/media\/764"}],"wp:attachment":[{"href":"https:\/\/fundacja.radiopodlasie.pl\/index.php?rest_route=%2Fwp%2Fv2%2Fmedia&parent=763"}],"wp:term":[{"taxonomy":"category","embeddable":true,"href":"https:\/\/fundacja.radiopodlasie.pl\/index.php?rest_route=%2Fwp%2Fv2%2Fcategories&post=763"},{"taxonomy":"post_tag","embeddable":true,"href":"https:\/\/fundacja.radiopodlasie.pl\/index.php?rest_route=%2Fwp%2Fv2%2Ftags&post=763"}],"curies":[{"name":"wp","href":"https:\/\/api.w.org\/{rel}","templated":true}]}}