{"id":773,"date":"2018-11-09T16:05:15","date_gmt":"2018-11-09T15:05:15","guid":{"rendered":"http:\/\/fundacja.radiopodlasie.pl\/?p=773"},"modified":"2018-12-11T15:51:55","modified_gmt":"2018-12-11T14:51:55","slug":"rozpoczynamy-dzialania-w-projekcie-unikajmy-zlych-drog","status":"publish","type":"post","link":"https:\/\/fundacja.radiopodlasie.pl\/?p=773","title":{"rendered":"Rozpoczynamy dzia\u0142ania w projekcie &#8222;Unikajmy Z\u0142ych Dr\u00f3g&#8221;"},"content":{"rendered":"<p>&#8222;Unikajmy z\u0142ych Dr\u00f3g &#8221; to zadanie realizowane przy dofinansowaniu ze \u015brodk\u00f3w Ministerstwa Sprawiedliwo\u015bci. Celem zadania jest szeroko rozumiana kampania informacyjna na temat przeciwdzia\u0142ania przyczynom przest\u0119pczo\u015bci.<\/p>\n<p>Sk\u0142adaj\u0105 si\u0119 na ni\u0105 audycje emitowane przez Katolickie Radio Podlasie pod wsp\u00f3lnym has\u0142em &#8222;Temu mo\u017cna zapobiec&#8221;. Audycje s\u0105 nadawane od 5 listopada do 22 grudnia w ka\u017cdy poniedzia\u0142ek o godzinie 21:30 a tak\u017ce w ka\u017cdy wtorek i \u015brod\u0119 o godzinie 18:15. Rozm\u00f3wcami s\u0105 eksperci z dziedziny psychologii, do\u015bwiadczeni praktycy, wychowawcy, kapelan wi\u0119zienny a tak\u017ce osoby, kt\u00f3rym uda\u0142o si\u0119 wyj\u015b\u0107 z r\u00f3\u017cnych trudnych, generuj\u0105cych dzia\u0142ania przest\u0119pcze, sytuacji \u017cyciowych, jak np. uzale\u017cnienie.<\/p>\n<p>Powstaje broszura informacyjna &#8222;B\u0105d\u017a kowalem swego losu&#8221; ze \u015bwiadectwami \u017cycia, cz\u0119\u015bci\u0105 poradnikow\u0105 oraz list\u0105 dresow\u0105 instytucji pomocowych.<\/p>\n<p>Powstaje kalendarz na 2019 rok &#8222;Unikajmy z\u0142ych dr\u00f3g&#8221; na okoliczno\u015b\u0107 100-lecia S\u0142u\u017cby Wi\u0119ziennej.<\/p>\n<p>Organizowane s\u0105 spotkania informacyjno-szkoleniowe w siedmiu miejscowo\u015bciach regionu: Parczewie, Mi\u0119dzyrzecu Podlaskim, Siedlcach, \u0141ukowie, W\u0119growie, Bia\u0142ej Podlaskiej i Terespolu. W ramach tych spotka\u0144 uczestnicy otrzymuj\u0105 materia\u0142y informacyjne wymienione powy\u017cej.<\/p>\n<p>&nbsp;<\/p>\n","protected":false},"excerpt":{"rendered":"<p>&#8222;Unikajmy z\u0142ych Dr\u00f3g &#8221; to zadanie realizowane przy dofinansowaniu ze \u015brodk\u00f3w Ministerstwa Sprawiedliwo\u015bci. Celem zadania jest szeroko rozumiana kampania informacyjna na temat przeciwdzia\u0142ania przyczynom przest\u0119pczo\u015bci. Sk\u0142adaj\u0105 si\u0119 na ni\u0105 audycje emitowane przez Katolickie Radio Podlasie pod wsp\u00f3lnym has\u0142em &#8222;Temu mo\u017cna zapobiec&#8221;. Audycje s\u0105 nadawane od 5 listopada do 22 grudnia w ka\u017cdy poniedzia\u0142ek o godzinie [&hellip;]<\/p>\n","protected":false},"author":4,"featured_media":1105,"comment_status":"closed","ping_status":"closed","sticky":false,"template":"","format":"standard","meta":{"ngg_post_thumbnail":0},"categories":[4],"tags":[],"_links":{"self":[{"href":"https:\/\/fundacja.radiopodlasie.pl\/index.php?rest_route=\/wp\/v2\/posts\/773"}],"collection":[{"href":"https:\/\/fundacja.radiopodlasie.pl\/index.php?rest_route=\/wp\/v2\/posts"}],"about":[{"href":"https:\/\/fundacja.radiopodlasie.pl\/index.php?rest_route=\/wp\/v2\/types\/post"}],"author":[{"embeddable":true,"href":"https:\/\/fundacja.radiopodlasie.pl\/index.php?rest_route=\/wp\/v2\/users\/4"}],"replies":[{"embeddable":true,"href":"https:\/\/fundacja.radiopodlasie.pl\/index.php?rest_route=%2Fwp%2Fv2%2Fcomments&post=773"}],"version-history":[{"count":5,"href":"https:\/\/fundacja.radiopodlasie.pl\/index.php?rest_route=\/wp\/v2\/posts\/773\/revisions"}],"predecessor-version":[{"id":1080,"href":"https:\/\/fundacja.radiopodlasie.pl\/index.php?rest_route=\/wp\/v2\/posts\/773\/revisions\/1080"}],"wp:featuredmedia":[{"embeddable":true,"href":"https:\/\/fundacja.radiopodlasie.pl\/index.php?rest_route=\/wp\/v2\/media\/1105"}],"wp:attachment":[{"href":"https:\/\/fundacja.radiopodlasie.pl\/index.php?rest_route=%2Fwp%2Fv2%2Fmedia&parent=773"}],"wp:term":[{"taxonomy":"category","embeddable":true,"href":"https:\/\/fundacja.radiopodlasie.pl\/index.php?rest_route=%2Fwp%2Fv2%2Fcategories&post=773"},{"taxonomy":"post_tag","embeddable":true,"href":"https:\/\/fundacja.radiopodlasie.pl\/index.php?rest_route=%2Fwp%2Fv2%2Ftags&post=773"}],"curies":[{"name":"wp","href":"https:\/\/api.w.org\/{rel}","templated":true}]}}