{"id":843,"date":"2018-10-08T15:40:21","date_gmt":"2018-10-08T13:40:21","guid":{"rendered":"http:\/\/fundacja.radiopodlasie.pl\/?p=843"},"modified":"2019-01-14T14:46:01","modified_gmt":"2019-01-14T13:46:01","slug":"spotkanie-grzbietami-do-dolu-z-doroslymi-w-ksiegarni-kubus-w-radzyniu-podlaskim","status":"publish","type":"post","link":"https:\/\/fundacja.radiopodlasie.pl\/?p=843","title":{"rendered":"Spotkanie &#8222;Grzbietami do do\u0142u&#8221; z doros\u0142ymi w ksi\u0119garni &#8222;Kubu\u015b&#8221; w Radzyniu Podlaskim"},"content":{"rendered":"<p><a href=\"http:\/\/fundacja.radiopodlasie.pl\/wp-content\/uploads\/2018\/10\/IMG_3777.jpg\"><img decoding=\"async\" loading=\"lazy\" class=\"alignnone size-medium wp-image-1134\" src=\"http:\/\/fundacja.radiopodlasie.pl\/wp-content\/uploads\/2018\/10\/IMG_3777-300x225.jpg\" alt=\"\" width=\"300\" height=\"225\" srcset=\"https:\/\/fundacja.radiopodlasie.pl\/wp-content\/uploads\/2018\/10\/IMG_3777-300x225.jpg 300w, https:\/\/fundacja.radiopodlasie.pl\/wp-content\/uploads\/2018\/10\/IMG_3777-768x576.jpg 768w, https:\/\/fundacja.radiopodlasie.pl\/wp-content\/uploads\/2018\/10\/IMG_3777.jpg 800w\" sizes=\"(max-width: 300px) 100vw, 300px\" \/><\/a><\/p>\n<p>&nbsp;<\/p>\n<p>6 pa\u017adziernika w Radzyniu Podlaskim animatorzy Fundacji Podlaskie Centrum Radiowe spotkali si\u0119 z doros\u0142ymi w ramach zaj\u0119\u0107 animacyjno-czytelniczych &#8222;Grzbietami do do\u0142u&#8221;. Mimo po\u015bpiechu sobotniego przedpo\u0142udnia, czytelnicy podzielili si\u0119 swoimi refleksjami na temat doboru ksi\u0105\u017cek, wzi\u0119li udzia\u0142 w kr\u00f3tkich \u0107wiczeniach analizy fragmentu tekstu dla oceny warto\u015bci ca\u0142ej ksi\u0105\u017cki. Wype\u0142nili ankiet\u0119 retrospekcyjn\u0105 o swoim do\u015bwiadczeniu czytelniczym dawniej i dzi\u015b.<\/p>\n<p>&nbsp;<\/p>\n<p><a href=\"http:\/\/fundacja.radiopodlasie.pl\/wp-content\/uploads\/2018\/07\/mkidn_01_cmyk.jpg\"><img decoding=\"async\" loading=\"lazy\" class=\"alignnone size-medium wp-image-593\" src=\"http:\/\/fundacja.radiopodlasie.pl\/wp-content\/uploads\/2018\/07\/mkidn_01_cmyk-300x300.jpg\" alt=\"\" width=\"300\" height=\"300\" srcset=\"https:\/\/fundacja.radiopodlasie.pl\/wp-content\/uploads\/2018\/07\/mkidn_01_cmyk-300x300.jpg 300w, https:\/\/fundacja.radiopodlasie.pl\/wp-content\/uploads\/2018\/07\/mkidn_01_cmyk-150x150.jpg 150w, https:\/\/fundacja.radiopodlasie.pl\/wp-content\/uploads\/2018\/07\/mkidn_01_cmyk-768x768.jpg 768w, https:\/\/fundacja.radiopodlasie.pl\/wp-content\/uploads\/2018\/07\/mkidn_01_cmyk-1024x1024.jpg 1024w, https:\/\/fundacja.radiopodlasie.pl\/wp-content\/uploads\/2018\/07\/mkidn_01_cmyk-50x50.jpg 50w, https:\/\/fundacja.radiopodlasie.pl\/wp-content\/uploads\/2018\/07\/mkidn_01_cmyk.jpg 1323w\" sizes=\"(max-width: 300px) 100vw, 300px\" \/><\/a><\/p>\n<p>Dofinansowano ze \u015brodk\u00f3w Ministerstwa Kultury i Dziedzictwa Narodowego pochodz\u0105cych z Funduszu Promocji Kultury<\/p>\n","protected":false},"excerpt":{"rendered":"<p>&nbsp; 6 pa\u017adziernika w Radzyniu Podlaskim animatorzy Fundacji Podlaskie Centrum Radiowe spotkali si\u0119 z doros\u0142ymi w ramach zaj\u0119\u0107 animacyjno-czytelniczych &#8222;Grzbietami do do\u0142u&#8221;. Mimo po\u015bpiechu sobotniego przedpo\u0142udnia, czytelnicy podzielili si\u0119 swoimi refleksjami na temat doboru ksi\u0105\u017cek, wzi\u0119li udzia\u0142 w kr\u00f3tkich \u0107wiczeniach analizy fragmentu tekstu dla oceny warto\u015bci ca\u0142ej ksi\u0105\u017cki. Wype\u0142nili ankiet\u0119 retrospekcyjn\u0105 o swoim do\u015bwiadczeniu czytelniczym [&hellip;]<\/p>\n","protected":false},"author":4,"featured_media":0,"comment_status":"closed","ping_status":"closed","sticky":false,"template":"","format":"standard","meta":{"ngg_post_thumbnail":0},"categories":[4],"tags":[],"_links":{"self":[{"href":"https:\/\/fundacja.radiopodlasie.pl\/index.php?rest_route=\/wp\/v2\/posts\/843"}],"collection":[{"href":"https:\/\/fundacja.radiopodlasie.pl\/index.php?rest_route=\/wp\/v2\/posts"}],"about":[{"href":"https:\/\/fundacja.radiopodlasie.pl\/index.php?rest_route=\/wp\/v2\/types\/post"}],"author":[{"embeddable":true,"href":"https:\/\/fundacja.radiopodlasie.pl\/index.php?rest_route=\/wp\/v2\/users\/4"}],"replies":[{"embeddable":true,"href":"https:\/\/fundacja.radiopodlasie.pl\/index.php?rest_route=%2Fwp%2Fv2%2Fcomments&post=843"}],"version-history":[{"count":5,"href":"https:\/\/fundacja.radiopodlasie.pl\/index.php?rest_route=\/wp\/v2\/posts\/843\/revisions"}],"predecessor-version":[{"id":1136,"href":"https:\/\/fundacja.radiopodlasie.pl\/index.php?rest_route=\/wp\/v2\/posts\/843\/revisions\/1136"}],"wp:attachment":[{"href":"https:\/\/fundacja.radiopodlasie.pl\/index.php?rest_route=%2Fwp%2Fv2%2Fmedia&parent=843"}],"wp:term":[{"taxonomy":"category","embeddable":true,"href":"https:\/\/fundacja.radiopodlasie.pl\/index.php?rest_route=%2Fwp%2Fv2%2Fcategories&post=843"},{"taxonomy":"post_tag","embeddable":true,"href":"https:\/\/fundacja.radiopodlasie.pl\/index.php?rest_route=%2Fwp%2Fv2%2Ftags&post=843"}],"curies":[{"name":"wp","href":"https:\/\/api.w.org\/{rel}","templated":true}]}}