{"id":858,"date":"2018-10-10T15:46:01","date_gmt":"2018-10-10T13:46:01","guid":{"rendered":"http:\/\/fundacja.radiopodlasie.pl\/?p=858"},"modified":"2019-01-14T14:37:41","modified_gmt":"2019-01-14T13:37:41","slug":"ksiegarnia-pegaz-w-radzyniu-podlaskim-grzbietami-do-dolu-dla-dzieci","status":"publish","type":"post","link":"https:\/\/fundacja.radiopodlasie.pl\/?p=858","title":{"rendered":"Ksi\u0119garnia Pegaz w Radzyniu Podlaskim &#8211; &#8222;Grzbietami do do\u0142u&#8221; dla dzieci"},"content":{"rendered":"<p><a href=\"http:\/\/fundacja.radiopodlasie.pl\/wp-content\/uploads\/2018\/07\/P1140797.jpg\"><img decoding=\"async\" loading=\"lazy\" class=\"alignnone size-medium wp-image-994\" src=\"http:\/\/fundacja.radiopodlasie.pl\/wp-content\/uploads\/2018\/07\/P1140797-300x225.jpg\" alt=\"\" width=\"300\" height=\"225\" srcset=\"https:\/\/fundacja.radiopodlasie.pl\/wp-content\/uploads\/2018\/07\/P1140797-300x225.jpg 300w, https:\/\/fundacja.radiopodlasie.pl\/wp-content\/uploads\/2018\/07\/P1140797-768x576.jpg 768w, https:\/\/fundacja.radiopodlasie.pl\/wp-content\/uploads\/2018\/07\/P1140797.jpg 800w\" sizes=\"(max-width: 300px) 100vw, 300px\" \/><\/a><a href=\"http:\/\/fundacja.radiopodlasie.pl\/wp-content\/uploads\/2018\/07\/P1140801.jpg\"><img decoding=\"async\" loading=\"lazy\" class=\"alignnone size-medium wp-image-997\" src=\"http:\/\/fundacja.radiopodlasie.pl\/wp-content\/uploads\/2018\/07\/P1140801-300x225.jpg\" alt=\"\" width=\"300\" height=\"225\" srcset=\"https:\/\/fundacja.radiopodlasie.pl\/wp-content\/uploads\/2018\/07\/P1140801-300x225.jpg 300w, https:\/\/fundacja.radiopodlasie.pl\/wp-content\/uploads\/2018\/07\/P1140801-768x576.jpg 768w, https:\/\/fundacja.radiopodlasie.pl\/wp-content\/uploads\/2018\/07\/P1140801.jpg 800w\" sizes=\"(max-width: 300px) 100vw, 300px\" \/><\/a><a href=\"http:\/\/fundacja.radiopodlasie.pl\/wp-content\/uploads\/2018\/07\/P1140800.jpg\"><img decoding=\"async\" loading=\"lazy\" class=\"alignnone size-medium wp-image-996\" src=\"http:\/\/fundacja.radiopodlasie.pl\/wp-content\/uploads\/2018\/07\/P1140800-300x225.jpg\" alt=\"\" width=\"300\" height=\"225\" srcset=\"https:\/\/fundacja.radiopodlasie.pl\/wp-content\/uploads\/2018\/07\/P1140800-300x225.jpg 300w, https:\/\/fundacja.radiopodlasie.pl\/wp-content\/uploads\/2018\/07\/P1140800-768x576.jpg 768w, https:\/\/fundacja.radiopodlasie.pl\/wp-content\/uploads\/2018\/07\/P1140800.jpg 800w\" sizes=\"(max-width: 300px) 100vw, 300px\" \/><\/a><a href=\"http:\/\/fundacja.radiopodlasie.pl\/wp-content\/uploads\/2018\/07\/P1140806.jpg\"><img decoding=\"async\" loading=\"lazy\" class=\"alignnone size-medium wp-image-1002\" src=\"http:\/\/fundacja.radiopodlasie.pl\/wp-content\/uploads\/2018\/07\/P1140806-300x225.jpg\" alt=\"\" width=\"300\" height=\"225\" srcset=\"https:\/\/fundacja.radiopodlasie.pl\/wp-content\/uploads\/2018\/07\/P1140806-300x225.jpg 300w, https:\/\/fundacja.radiopodlasie.pl\/wp-content\/uploads\/2018\/07\/P1140806-768x576.jpg 768w, https:\/\/fundacja.radiopodlasie.pl\/wp-content\/uploads\/2018\/07\/P1140806.jpg 800w\" sizes=\"(max-width: 300px) 100vw, 300px\" \/><\/a><\/p>\n<p>9 pa\u017adziernika do ksi\u0119garni Pegaz w Radzyniu Podlaskim przyby\u0142y licznie pi\u0119cio- i sze\u015bciolatki na zaj\u0119cia animacyjne z ksi\u0105\u017ck\u0105. Gdzie ksi\u0105\u017cka ma grzbiet? Jak si\u0119 dowiedzie\u0107 o czym opowiada, nie zagl\u0105daj\u0105c do \u015brodka? Co mo\u017ce nam przypomnie\u0107 i co przybli\u017cy\u0107? Czytanie, s\u0142uchanie i ilustrowanie fragment\u00f3w tre\u015bci oraz swobodny dost\u0119p do szerokiego wyboru ksi\u0105\u017cek w nowym dla dzieci miejscu, w ksi\u0119garni! By\u0142o mn\u00f3stwo komentarzy, spostrze\u017ce\u0144 i zapa\u0142u do bliskiego spotkania z ksi\u0105\u017ck\u0105.<\/p>\n<p>Dzieci pozna\u0142y te\u017c wierszyk\u00a0 naszego projektu ksi\u0119garsko-czytelniczego: &#8222;Grzbietami do do\u0142u&#8221;<\/p>\n<p>&nbsp;<\/p>\n<!--[if lt IE 9]><script>document.createElement('audio');<\/script><![endif]-->\n<audio class=\"wp-audio-shortcode\" id=\"audio-858-1\" preload=\"none\" style=\"width: 100%;\" controls=\"controls\"><source type=\"audio\/mpeg\" src=\"http:\/\/fundacja.radiopodlasie.pl\/wp-content\/uploads\/2018\/10\/dzieci-i-ewa.mp3?_=1\" \/><a href=\"http:\/\/fundacja.radiopodlasie.pl\/wp-content\/uploads\/2018\/10\/dzieci-i-ewa.mp3\">http:\/\/fundacja.radiopodlasie.pl\/wp-content\/uploads\/2018\/10\/dzieci-i-ewa.mp3<\/a><\/audio>\n","protected":false},"excerpt":{"rendered":"<p>9 pa\u017adziernika do ksi\u0119garni Pegaz w Radzyniu Podlaskim przyby\u0142y licznie pi\u0119cio- i sze\u015bciolatki na zaj\u0119cia animacyjne z ksi\u0105\u017ck\u0105. Gdzie ksi\u0105\u017cka ma grzbiet? Jak si\u0119 dowiedzie\u0107 o czym opowiada, nie zagl\u0105daj\u0105c do \u015brodka? Co mo\u017ce nam przypomnie\u0107 i co przybli\u017cy\u0107? Czytanie, s\u0142uchanie i ilustrowanie fragment\u00f3w tre\u015bci oraz swobodny dost\u0119p do szerokiego wyboru ksi\u0105\u017cek w nowym dla [&hellip;]<\/p>\n","protected":false},"author":4,"featured_media":1011,"comment_status":"closed","ping_status":"closed","sticky":false,"template":"","format":"standard","meta":{"ngg_post_thumbnail":0},"categories":[4],"tags":[],"_links":{"self":[{"href":"https:\/\/fundacja.radiopodlasie.pl\/index.php?rest_route=\/wp\/v2\/posts\/858"}],"collection":[{"href":"https:\/\/fundacja.radiopodlasie.pl\/index.php?rest_route=\/wp\/v2\/posts"}],"about":[{"href":"https:\/\/fundacja.radiopodlasie.pl\/index.php?rest_route=\/wp\/v2\/types\/post"}],"author":[{"embeddable":true,"href":"https:\/\/fundacja.radiopodlasie.pl\/index.php?rest_route=\/wp\/v2\/users\/4"}],"replies":[{"embeddable":true,"href":"https:\/\/fundacja.radiopodlasie.pl\/index.php?rest_route=%2Fwp%2Fv2%2Fcomments&post=858"}],"version-history":[{"count":6,"href":"https:\/\/fundacja.radiopodlasie.pl\/index.php?rest_route=\/wp\/v2\/posts\/858\/revisions"}],"predecessor-version":[{"id":1129,"href":"https:\/\/fundacja.radiopodlasie.pl\/index.php?rest_route=\/wp\/v2\/posts\/858\/revisions\/1129"}],"wp:featuredmedia":[{"embeddable":true,"href":"https:\/\/fundacja.radiopodlasie.pl\/index.php?rest_route=\/wp\/v2\/media\/1011"}],"wp:attachment":[{"href":"https:\/\/fundacja.radiopodlasie.pl\/index.php?rest_route=%2Fwp%2Fv2%2Fmedia&parent=858"}],"wp:term":[{"taxonomy":"category","embeddable":true,"href":"https:\/\/fundacja.radiopodlasie.pl\/index.php?rest_route=%2Fwp%2Fv2%2Fcategories&post=858"},{"taxonomy":"post_tag","embeddable":true,"href":"https:\/\/fundacja.radiopodlasie.pl\/index.php?rest_route=%2Fwp%2Fv2%2Ftags&post=858"}],"curies":[{"name":"wp","href":"https:\/\/api.w.org\/{rel}","templated":true}]}}