{"id":861,"date":"2018-10-10T12:45:21","date_gmt":"2018-10-10T10:45:21","guid":{"rendered":"http:\/\/fundacja.radiopodlasie.pl\/?p=861"},"modified":"2019-01-15T08:43:25","modified_gmt":"2019-01-15T07:43:25","slug":"wspomnienie-gali-finalowej-turnieju-kol-gospodyn-wiejskich-wschodniego-mazowsza-2018","status":"publish","type":"post","link":"https:\/\/fundacja.radiopodlasie.pl\/?p=861","title":{"rendered":"Wspomnienie Gali Fina\u0142owej Turnieju K\u00f3\u0142 Gospody\u0144 Wiejskich Wschodniego Mazowsza 2018"},"content":{"rendered":"<p><a href=\"http:\/\/fundacja.radiopodlasie.pl\/wp-content\/uploads\/2018\/10\/Gala-KGW2018bb.jpg\"><img decoding=\"async\" loading=\"lazy\" class=\"alignnone size-medium wp-image-1145\" src=\"http:\/\/fundacja.radiopodlasie.pl\/wp-content\/uploads\/2018\/10\/Gala-KGW2018bb-213x300.jpg\" alt=\"\" width=\"213\" height=\"300\" srcset=\"https:\/\/fundacja.radiopodlasie.pl\/wp-content\/uploads\/2018\/10\/Gala-KGW2018bb-213x300.jpg 213w, https:\/\/fundacja.radiopodlasie.pl\/wp-content\/uploads\/2018\/10\/Gala-KGW2018bb-768x1083.jpg 768w, https:\/\/fundacja.radiopodlasie.pl\/wp-content\/uploads\/2018\/10\/Gala-KGW2018bb-726x1024.jpg 726w, https:\/\/fundacja.radiopodlasie.pl\/wp-content\/uploads\/2018\/10\/Gala-KGW2018bb.jpg 800w\" sizes=\"(max-width: 213px) 100vw, 213px\" \/><\/a><\/p>\n<p>30 wrze\u015bnia 2018 r. Fundacja Podlaskie Centrum Radiowe wsp\u00f3\u0142finansowa\u0142a przedsi\u0119wzi\u0119cie spo\u0142eczno-kulturalne Katolickiego Radia Podlasie i W\u00f3jta Gminy G\u00f3rzno &#8211; <a href=\"http:\/\/podlasie24.pl\/turniej-kgw\/region\/zespol-piesni-i-tanca-ziemi-losickiej-zwyciezca-turnieju-kol-gospodyn-wiejskich-wschodniego-mazowsza-2018-275e7.html\">Gal\u0119 Fina\u0142ow\u0105 Turnieju K\u00f3\u0142 Gospody\u0144 Wiejskich Wschodniego Mazowsza 2018<\/a>.\u00a0 Podczas wydarzenia zaprezentowa\u0142o si\u0119 10 najlepszych k\u00f3\u0142, og\u0142oszono wyniki trwaj\u0105cego od czerwca 2018 r. turnieju, wr\u0119czono nagrody oraz zorganizowano stref\u0119 prozdrowotn\u0105 ze \u015bcie\u017ck\u0105 do chodzenia z kijkami, busem-laboratorium do badania s\u0142uchu, punktami informacyjnymi o hospicjum, a tak\u017ce punkt informacyjno-promocyjny o tradycyjnej, regionalnej \u017cywno\u015bci wysokiej jako\u015bci. Z\u0142ot\u0105 statuetk\u0119 i tytu\u0142 &#8222;Z\u0142otego Ko\u0142a Gospody\u0144 Wiejskich Wschodniego Mazowsza 2018&#8221; zdoby\u0142 Zesp\u00f3l Pie\u015bni i Ta\u0144ca Ziemi \u0141osickiej, srebrn\u0105 statuetk\u0119 wraz z tytu\u0142em &#8222;Srebrnego Ko\u0142a Gospody\u0144 Wiejskich Wschodniego Mazowsza 2018&#8243;otrzyma\u0142o Ko\u0142o Gospody\u0144 Wiejskich w K\u0119b\u0142owie, br\u0105zowa statuetk\u0119 i tytu\u0142 &#8222;Br\u0105zowego Ko\u0142a Gospody\u0144 Wiejskich Wschodniego Mazowsza 2018&#8221; wywalczy\u0142o Stowarzyszenie &#8222;G\u00f3rznianeczki&#8221;. Wydarzenie zako\u0144czy\u0142o si\u0119 koncertem Zenka Martyniuka.<\/p>\n<p>Patronami Turnieju KGW Wschodniego Mazowsza 2018 s\u0105 Maria Koc, Wicemarsza\u0142ek Senatu RP i Zbigniew Ku\u017amiuk, Pose\u0142 do Parlamentu Europejskiego. Patronat honorowy nad Turniejem obj\u0105\u0142 Minister Rolnictwa i Rozwoju Wsi, Jan Krzysztof Ardanowski.<\/p>\n<p>&nbsp;<\/p>\n<p>Partner:Jastrz\u0119bska Sp\u00f3\u0142ka W\u0119glowa, Grupa Arche<\/p>\n<p>Patronem medialnym wydarzenia by\u0142 Tygodnik Poradnik Rolniczy<\/p>\n<p><a href=\"http:\/\/fundacja.radiopodlasie.pl\/wp-content\/uploads\/2018\/08\/arche.png\"><img decoding=\"async\" loading=\"lazy\" class=\"alignnone size-full wp-image-737\" src=\"http:\/\/fundacja.radiopodlasie.pl\/wp-content\/uploads\/2018\/08\/arche.png\" alt=\"\" width=\"100\" height=\"100\" srcset=\"https:\/\/fundacja.radiopodlasie.pl\/wp-content\/uploads\/2018\/08\/arche.png 100w, https:\/\/fundacja.radiopodlasie.pl\/wp-content\/uploads\/2018\/08\/arche-50x50.png 50w\" sizes=\"(max-width: 100px) 100vw, 100px\" \/><\/a><a href=\"http:\/\/fundacja.radiopodlasie.pl\/wp-content\/uploads\/2018\/10\/MRiRW-s.jpg\"><img decoding=\"async\" loading=\"lazy\" class=\"alignnone wp-image-872\" src=\"http:\/\/fundacja.radiopodlasie.pl\/wp-content\/uploads\/2018\/10\/MRiRW-s-300x300.jpg\" alt=\"\" width=\"102\" height=\"102\" srcset=\"https:\/\/fundacja.radiopodlasie.pl\/wp-content\/uploads\/2018\/10\/MRiRW-s-300x300.jpg 300w, https:\/\/fundacja.radiopodlasie.pl\/wp-content\/uploads\/2018\/10\/MRiRW-s-150x150.jpg 150w, https:\/\/fundacja.radiopodlasie.pl\/wp-content\/uploads\/2018\/10\/MRiRW-s-768x768.jpg 768w, https:\/\/fundacja.radiopodlasie.pl\/wp-content\/uploads\/2018\/10\/MRiRW-s-1024x1024.jpg 1024w, https:\/\/fundacja.radiopodlasie.pl\/wp-content\/uploads\/2018\/10\/MRiRW-s-50x50.jpg 50w, https:\/\/fundacja.radiopodlasie.pl\/wp-content\/uploads\/2018\/10\/MRiRW-s.jpg 1956w\" sizes=\"(max-width: 102px) 100vw, 102px\" \/><\/a><a href=\"http:\/\/fundacja.radiopodlasie.pl\/wp-content\/uploads\/2018\/10\/Z1_K1_JSW-wydobywamy-to-co-najlepsze.jpg\"><img decoding=\"async\" loading=\"lazy\" class=\"alignnone wp-image-873\" src=\"http:\/\/fundacja.radiopodlasie.pl\/wp-content\/uploads\/2018\/10\/Z1_K1_JSW-wydobywamy-to-co-najlepsze-300x148.jpg\" alt=\"\" width=\"213\" height=\"105\" srcset=\"https:\/\/fundacja.radiopodlasie.pl\/wp-content\/uploads\/2018\/10\/Z1_K1_JSW-wydobywamy-to-co-najlepsze-300x148.jpg 300w, https:\/\/fundacja.radiopodlasie.pl\/wp-content\/uploads\/2018\/10\/Z1_K1_JSW-wydobywamy-to-co-najlepsze-768x379.jpg 768w, https:\/\/fundacja.radiopodlasie.pl\/wp-content\/uploads\/2018\/10\/Z1_K1_JSW-wydobywamy-to-co-najlepsze-1024x506.jpg 1024w, https:\/\/fundacja.radiopodlasie.pl\/wp-content\/uploads\/2018\/10\/Z1_K1_JSW-wydobywamy-to-co-najlepsze.jpg 1095w\" sizes=\"(max-width: 213px) 100vw, 213px\" \/><\/a><a href=\"http:\/\/fundacja.radiopodlasie.pl\/wp-content\/uploads\/2018\/08\/logo_internet.png\"><img decoding=\"async\" loading=\"lazy\" class=\"alignnone wp-image-743\" src=\"http:\/\/fundacja.radiopodlasie.pl\/wp-content\/uploads\/2018\/08\/logo_internet-300x300.png\" alt=\"\" width=\"107\" height=\"107\" srcset=\"https:\/\/fundacja.radiopodlasie.pl\/wp-content\/uploads\/2018\/08\/logo_internet-300x300.png 300w, https:\/\/fundacja.radiopodlasie.pl\/wp-content\/uploads\/2018\/08\/logo_internet-150x150.png 150w, https:\/\/fundacja.radiopodlasie.pl\/wp-content\/uploads\/2018\/08\/logo_internet-50x50.png 50w, https:\/\/fundacja.radiopodlasie.pl\/wp-content\/uploads\/2018\/08\/logo_internet.png 591w\" sizes=\"(max-width: 107px) 100vw, 107px\" \/><\/a><\/p>\n<p>&nbsp;<\/p>\n<p>&nbsp;<\/p>\n<p>&nbsp;<\/p>\n","protected":false},"excerpt":{"rendered":"<p>30 wrze\u015bnia 2018 r. Fundacja Podlaskie Centrum Radiowe wsp\u00f3\u0142finansowa\u0142a przedsi\u0119wzi\u0119cie spo\u0142eczno-kulturalne Katolickiego Radia Podlasie i W\u00f3jta Gminy G\u00f3rzno &#8211; Gal\u0119 Fina\u0142ow\u0105 Turnieju K\u00f3\u0142 Gospody\u0144 Wiejskich Wschodniego Mazowsza 2018.\u00a0 Podczas wydarzenia zaprezentowa\u0142o si\u0119 10 najlepszych k\u00f3\u0142, og\u0142oszono wyniki trwaj\u0105cego od czerwca 2018 r. turnieju, wr\u0119czono nagrody oraz zorganizowano stref\u0119 prozdrowotn\u0105 ze \u015bcie\u017ck\u0105 do chodzenia z kijkami, [&hellip;]<\/p>\n","protected":false},"author":4,"featured_media":1145,"comment_status":"closed","ping_status":"closed","sticky":false,"template":"","format":"standard","meta":{"ngg_post_thumbnail":0},"categories":[3],"tags":[26,28,30],"_links":{"self":[{"href":"https:\/\/fundacja.radiopodlasie.pl\/index.php?rest_route=\/wp\/v2\/posts\/861"}],"collection":[{"href":"https:\/\/fundacja.radiopodlasie.pl\/index.php?rest_route=\/wp\/v2\/posts"}],"about":[{"href":"https:\/\/fundacja.radiopodlasie.pl\/index.php?rest_route=\/wp\/v2\/types\/post"}],"author":[{"embeddable":true,"href":"https:\/\/fundacja.radiopodlasie.pl\/index.php?rest_route=\/wp\/v2\/users\/4"}],"replies":[{"embeddable":true,"href":"https:\/\/fundacja.radiopodlasie.pl\/index.php?rest_route=%2Fwp%2Fv2%2Fcomments&post=861"}],"version-history":[{"count":8,"href":"https:\/\/fundacja.radiopodlasie.pl\/index.php?rest_route=\/wp\/v2\/posts\/861\/revisions"}],"predecessor-version":[{"id":1146,"href":"https:\/\/fundacja.radiopodlasie.pl\/index.php?rest_route=\/wp\/v2\/posts\/861\/revisions\/1146"}],"wp:featuredmedia":[{"embeddable":true,"href":"https:\/\/fundacja.radiopodlasie.pl\/index.php?rest_route=\/wp\/v2\/media\/1145"}],"wp:attachment":[{"href":"https:\/\/fundacja.radiopodlasie.pl\/index.php?rest_route=%2Fwp%2Fv2%2Fmedia&parent=861"}],"wp:term":[{"taxonomy":"category","embeddable":true,"href":"https:\/\/fundacja.radiopodlasie.pl\/index.php?rest_route=%2Fwp%2Fv2%2Fcategories&post=861"},{"taxonomy":"post_tag","embeddable":true,"href":"https:\/\/fundacja.radiopodlasie.pl\/index.php?rest_route=%2Fwp%2Fv2%2Ftags&post=861"}],"curies":[{"name":"wp","href":"https:\/\/api.w.org\/{rel}","templated":true}]}}