{"id":925,"date":"2018-10-15T09:51:52","date_gmt":"2018-10-15T07:51:52","guid":{"rendered":"http:\/\/fundacja.radiopodlasie.pl\/?p=925"},"modified":"2018-12-11T16:00:54","modified_gmt":"2018-12-11T15:00:54","slug":"grzbietami-do-dolu-dla-doroslych-w-ksiegarni-wspolczesna-w-siedlcach","status":"publish","type":"post","link":"https:\/\/fundacja.radiopodlasie.pl\/?p=925","title":{"rendered":"&#8222;Grzbietami do do\u0142u&#8221; dla doros\u0142ych w ksi\u0119garni &#8222;Wsp\u00f3\u0142czesna&#8221; w Siedlcach"},"content":{"rendered":"<p>&nbsp;<\/p>\n<p>13 pa\u017adziernika w\u00a0 siedleckiej ksi\u0119garni &#8222;Wsp\u00f3\u0142czesna&#8221; Fundacja PCR przeprowadzi\u0142a spotkanie dla doros\u0142ych. Uczestnicy ch\u0119tnie zanurzyli si\u0119 w refleksje na temat czytelnictwa oraz roli ma\u0142ych ksi\u0119gar\u0144 dla kultury miejscowo\u015bci i regionu. Podj\u0119li kr\u00f3tkie zadania na analiz\u0119 tekstu, szybk\u0105 analiz\u0119 zawarto\u015bci ksi\u0105\u017cki. Spotkanie u\u015bwietni\u0142a obecno\u015b\u0107 pisarki, Haliny Grochowskiej, kt\u00f3ra przygotowa\u0142a prezentacj\u0119 swoich ksi\u0105\u017cek i podzieli\u0142a si\u0119 w\u0142asnym do\u015bwiadczeniem czytelniczym.<\/p>\n<p>&nbsp;<\/p>\n<p><a href=\"http:\/\/fundacja.radiopodlasie.pl\/wp-content\/uploads\/2018\/07\/mkidn_01_cmyk.jpg\"><img decoding=\"async\" loading=\"lazy\" class=\"alignnone wp-image-593\" src=\"http:\/\/fundacja.radiopodlasie.pl\/wp-content\/uploads\/2018\/07\/mkidn_01_cmyk-300x300.jpg\" alt=\"\" width=\"246\" height=\"246\" srcset=\"https:\/\/fundacja.radiopodlasie.pl\/wp-content\/uploads\/2018\/07\/mkidn_01_cmyk-300x300.jpg 300w, https:\/\/fundacja.radiopodlasie.pl\/wp-content\/uploads\/2018\/07\/mkidn_01_cmyk-150x150.jpg 150w, https:\/\/fundacja.radiopodlasie.pl\/wp-content\/uploads\/2018\/07\/mkidn_01_cmyk-768x768.jpg 768w, https:\/\/fundacja.radiopodlasie.pl\/wp-content\/uploads\/2018\/07\/mkidn_01_cmyk-1024x1024.jpg 1024w, https:\/\/fundacja.radiopodlasie.pl\/wp-content\/uploads\/2018\/07\/mkidn_01_cmyk-50x50.jpg 50w, https:\/\/fundacja.radiopodlasie.pl\/wp-content\/uploads\/2018\/07\/mkidn_01_cmyk.jpg 1323w\" sizes=\"(max-width: 246px) 100vw, 246px\" \/><\/a><\/p>\n<p>Dofinansowano ze \u015brodk\u00f3w Ministerstwa Kultury i Dziedzictwa Narodowego pochodz\u0105cych z Funduszu Promocji Kultury<\/p>\n<p>&nbsp;<\/p>\n","protected":false},"excerpt":{"rendered":"<p>&nbsp; 13 pa\u017adziernika w\u00a0 siedleckiej ksi\u0119garni &#8222;Wsp\u00f3\u0142czesna&#8221; Fundacja PCR przeprowadzi\u0142a spotkanie dla doros\u0142ych. Uczestnicy ch\u0119tnie zanurzyli si\u0119 w refleksje na temat czytelnictwa oraz roli ma\u0142ych ksi\u0119gar\u0144 dla kultury miejscowo\u015bci i regionu. Podj\u0119li kr\u00f3tkie zadania na analiz\u0119 tekstu, szybk\u0105 analiz\u0119 zawarto\u015bci ksi\u0105\u017cki. Spotkanie u\u015bwietni\u0142a obecno\u015b\u0107 pisarki, Haliny Grochowskiej, kt\u00f3ra przygotowa\u0142a prezentacj\u0119 swoich ksi\u0105\u017cek i podzieli\u0142a si\u0119 [&hellip;]<\/p>\n","protected":false},"author":4,"featured_media":0,"comment_status":"closed","ping_status":"closed","sticky":false,"template":"","format":"standard","meta":{"ngg_post_thumbnail":0},"categories":[4],"tags":[],"_links":{"self":[{"href":"https:\/\/fundacja.radiopodlasie.pl\/index.php?rest_route=\/wp\/v2\/posts\/925"}],"collection":[{"href":"https:\/\/fundacja.radiopodlasie.pl\/index.php?rest_route=\/wp\/v2\/posts"}],"about":[{"href":"https:\/\/fundacja.radiopodlasie.pl\/index.php?rest_route=\/wp\/v2\/types\/post"}],"author":[{"embeddable":true,"href":"https:\/\/fundacja.radiopodlasie.pl\/index.php?rest_route=\/wp\/v2\/users\/4"}],"replies":[{"embeddable":true,"href":"https:\/\/fundacja.radiopodlasie.pl\/index.php?rest_route=%2Fwp%2Fv2%2Fcomments&post=925"}],"version-history":[{"count":4,"href":"https:\/\/fundacja.radiopodlasie.pl\/index.php?rest_route=\/wp\/v2\/posts\/925\/revisions"}],"predecessor-version":[{"id":1125,"href":"https:\/\/fundacja.radiopodlasie.pl\/index.php?rest_route=\/wp\/v2\/posts\/925\/revisions\/1125"}],"wp:attachment":[{"href":"https:\/\/fundacja.radiopodlasie.pl\/index.php?rest_route=%2Fwp%2Fv2%2Fmedia&parent=925"}],"wp:term":[{"taxonomy":"category","embeddable":true,"href":"https:\/\/fundacja.radiopodlasie.pl\/index.php?rest_route=%2Fwp%2Fv2%2Fcategories&post=925"},{"taxonomy":"post_tag","embeddable":true,"href":"https:\/\/fundacja.radiopodlasie.pl\/index.php?rest_route=%2Fwp%2Fv2%2Ftags&post=925"}],"curies":[{"name":"wp","href":"https:\/\/api.w.org\/{rel}","templated":true}]}}