{"id":945,"date":"2018-10-17T13:59:19","date_gmt":"2018-10-17T11:59:19","guid":{"rendered":"http:\/\/fundacja.radiopodlasie.pl\/?p=945"},"modified":"2018-12-11T15:55:47","modified_gmt":"2018-12-11T14:55:47","slug":"grzbietami-do-dolu-dla-doroslych-w-ksiegarni-krokus-w-garwolinie","status":"publish","type":"post","link":"https:\/\/fundacja.radiopodlasie.pl\/?p=945","title":{"rendered":"&#8222;Grzbietami do do\u0142u&#8221; dla doros\u0142ych w Ksi\u0119garni &#8222;Krokus&#8221; w Garwolinie"},"content":{"rendered":"<p><a href=\"http:\/\/fundacja.radiopodlasie.pl\/wp-content\/uploads\/2018\/10\/IMG_3878-1.jpg\"><img decoding=\"async\" loading=\"lazy\" class=\"alignnone size-medium wp-image-1122\" src=\"http:\/\/fundacja.radiopodlasie.pl\/wp-content\/uploads\/2018\/10\/IMG_3878-1-300x225.jpg\" alt=\"\" width=\"300\" height=\"225\" srcset=\"https:\/\/fundacja.radiopodlasie.pl\/wp-content\/uploads\/2018\/10\/IMG_3878-1-300x225.jpg 300w, https:\/\/fundacja.radiopodlasie.pl\/wp-content\/uploads\/2018\/10\/IMG_3878-1-768x576.jpg 768w, https:\/\/fundacja.radiopodlasie.pl\/wp-content\/uploads\/2018\/10\/IMG_3878-1.jpg 800w\" sizes=\"(max-width: 300px) 100vw, 300px\" \/><\/a>16 pa\u017adziernika w Garwolinie, w ksi\u0119garni &#8222;Krokus&#8221; odby\u0142y si\u0119 kr\u00f3tkie spotkania doros\u0142ych czytelnik\u00f3w i klient\u00f3w ksi\u0119garni z animatorami Fundacji PCR. Analiza ksi\u0105\u017cki, oferty ksi\u0119garni, spojrzenie wstecz na nawyki czytelnicze i por\u00f3wnanie ich z obecnym stanem skusi\u0142y niemal dziesi\u0119\u0107 os\u00f3b do pozostania przez kilkana\u015bcie minut w\u015br\u00f3d ksi\u0105\u017cek, przy zach\u0119caj\u0105co wygl\u0105daj\u0105cym\u00a0 i go\u015bcinnie przygotowanym stoliku.<\/p>\n<p>Uczestnicy spotkania otrzymali drobne upominki a i ksi\u0119garz dla ka\u017cdego przygotowa\u0142 od siebie upominek. Niekt\u00f3rzy podzielili si\u0119 swoimi refleksjami i udzielili wypowiedzi.<\/p>\n<p>&nbsp;<\/p>\n","protected":false},"excerpt":{"rendered":"<p>16 pa\u017adziernika w Garwolinie, w ksi\u0119garni &#8222;Krokus&#8221; odby\u0142y si\u0119 kr\u00f3tkie spotkania doros\u0142ych czytelnik\u00f3w i klient\u00f3w ksi\u0119garni z animatorami Fundacji PCR. Analiza ksi\u0105\u017cki, oferty ksi\u0119garni, spojrzenie wstecz na nawyki czytelnicze i por\u00f3wnanie ich z obecnym stanem skusi\u0142y niemal dziesi\u0119\u0107 os\u00f3b do pozostania przez kilkana\u015bcie minut w\u015br\u00f3d ksi\u0105\u017cek, przy zach\u0119caj\u0105co wygl\u0105daj\u0105cym\u00a0 i go\u015bcinnie przygotowanym stoliku. Uczestnicy spotkania [&hellip;]<\/p>\n","protected":false},"author":4,"featured_media":1122,"comment_status":"closed","ping_status":"closed","sticky":false,"template":"","format":"standard","meta":{"ngg_post_thumbnail":0},"categories":[4],"tags":[],"_links":{"self":[{"href":"https:\/\/fundacja.radiopodlasie.pl\/index.php?rest_route=\/wp\/v2\/posts\/945"}],"collection":[{"href":"https:\/\/fundacja.radiopodlasie.pl\/index.php?rest_route=\/wp\/v2\/posts"}],"about":[{"href":"https:\/\/fundacja.radiopodlasie.pl\/index.php?rest_route=\/wp\/v2\/types\/post"}],"author":[{"embeddable":true,"href":"https:\/\/fundacja.radiopodlasie.pl\/index.php?rest_route=\/wp\/v2\/users\/4"}],"replies":[{"embeddable":true,"href":"https:\/\/fundacja.radiopodlasie.pl\/index.php?rest_route=%2Fwp%2Fv2%2Fcomments&post=945"}],"version-history":[{"count":2,"href":"https:\/\/fundacja.radiopodlasie.pl\/index.php?rest_route=\/wp\/v2\/posts\/945\/revisions"}],"predecessor-version":[{"id":1123,"href":"https:\/\/fundacja.radiopodlasie.pl\/index.php?rest_route=\/wp\/v2\/posts\/945\/revisions\/1123"}],"wp:featuredmedia":[{"embeddable":true,"href":"https:\/\/fundacja.radiopodlasie.pl\/index.php?rest_route=\/wp\/v2\/media\/1122"}],"wp:attachment":[{"href":"https:\/\/fundacja.radiopodlasie.pl\/index.php?rest_route=%2Fwp%2Fv2%2Fmedia&parent=945"}],"wp:term":[{"taxonomy":"category","embeddable":true,"href":"https:\/\/fundacja.radiopodlasie.pl\/index.php?rest_route=%2Fwp%2Fv2%2Fcategories&post=945"},{"taxonomy":"post_tag","embeddable":true,"href":"https:\/\/fundacja.radiopodlasie.pl\/index.php?rest_route=%2Fwp%2Fv2%2Ftags&post=945"}],"curies":[{"name":"wp","href":"https:\/\/api.w.org\/{rel}","templated":true}]}}